{"id":74878,"date":"2017-06-02T23:24:57","date_gmt":"2017-06-03T02:24:57","guid":{"rendered":"http:\/\/diarioregionaljf.com.br\/2017\/06\/02\/quatro-pessoas-ficam-feridas-apos-colisao-na-br-267\/"},"modified":"2017-06-02T23:24:57","modified_gmt":"2017-06-03T02:24:57","slug":"quatro-pessoas-ficam-feridas-apos-colisao-na-br-267","status":"publish","type":"post","link":"https:\/\/diarioregionaldigital.com.br\/?p=74878","title":{"rendered":"Quatro pessoas ficam feridas ap\u00f3s colis\u00e3o na BR-267"},"content":{"rendered":"<p>Dois ve\u00edculos colidiram no in\u00edcio da noite dessa sexta-feira, 2, na BR-267, na altura do Km 78, no sentido Juiz de Fora &#8211; Bicas. De acordo com as informa\u00e7\u00f5es do Corpo de Bombeiros, o carro, modelo Nissan, com placas de Juiz de Fora, seguia para Bicas quando a motorista decidiu ultrapassar os demais ve\u00edculos e bateu de frente com um ve\u00edculo Gol, que seguia no caminho inverso.<\/p>\n<p>\u201cA condutora do Nissan teve um afundamento de cr\u00e2nio. O osso fraturou do lado direito da testa e afundou. Ela tamb\u00e9m apresentava um corte profundo na cabe\u00e7a, fratura interna no bra\u00e7o direito e exposta na perna direita. A motorista perdeu muito sangue e estava confusa\u201d, relatou a assessora de comunica\u00e7\u00e3o do Corpo de Bombeiros, tenente Priscila Adonay.<\/p>\n<p>No Gol, al\u00e9m do condutor, de aproximadamente 56 anos, duas pessoas ficaram feridas. \u201cUma mo\u00e7a de 26 anos foi encontrada confusa, mas orientada. H\u00e1 suspeita de fratura na p\u00e9lvis e ela se queixava de dores no t\u00f3rax. No banco de tr\u00e1s, estava a filha dela de 8 anos que tamb\u00e9m se queixava de dores no t\u00f3rax, na p\u00e9lvis e ao falar\u201d, detalhou a militar.<\/p>\n<p>Segundo a tenente, o estado do motorista \u00e9 mais delicado. \u201cH\u00e1 suspeita de hemorragia interna e trauma no t\u00f3rax, pois ele se queixava de dores na regi\u00e3o. Ele tamb\u00e9m tinha uma fratura exposta na perna esquerda e no joelho\u201d.<\/p>\n<p>As v\u00edtimas foram encaminhadas ao Hospital de Pronto Socorro (HPS) em Juiz de Fora.<\/p>\n","protected":false},"excerpt":{"rendered":"<p>Dois ve\u00edculos colidiram no in\u00edcio da noite dessa sexta-feira, 2, na BR-267, na altura do Km 78, no sentido Juiz de Fora &#8211; Bicas. De acordo com as informa\u00e7\u00f5es do Corpo de Bombeiros, o carro, modelo Nissan, com placas de Juiz de Fora, seguia para Bicas quando a motorista decidiu ultrapassar os demais ve\u00edculos e [&hellip;]<\/p>\n","protected":false},"author":96,"featured_media":74877,"comment_status":"closed","ping_status":"closed","sticky":false,"template":"","format":"standard","meta":{"footnotes":""},"categories":[253],"tags":[],"class_list":["post-74878","post","type-post","status-publish","format-standard","has-post-thumbnail","hentry","category-cidade"],"_links":{"self":[{"href":"https:\/\/diarioregionaldigital.com.br\/index.php?rest_route=\/wp\/v2\/posts\/74878","targetHints":{"allow":["GET"]}}],"collection":[{"href":"https:\/\/diarioregionaldigital.com.br\/index.php?rest_route=\/wp\/v2\/posts"}],"about":[{"href":"https:\/\/diarioregionaldigital.com.br\/index.php?rest_route=\/wp\/v2\/types\/post"}],"author":[{"embeddable":true,"href":"https:\/\/diarioregionaldigital.com.br\/index.php?rest_route=\/wp\/v2\/users\/96"}],"replies":[{"embeddable":true,"href":"https:\/\/diarioregionaldigital.com.br\/index.php?rest_route=%2Fwp%2Fv2%2Fcomments&post=74878"}],"version-history":[{"count":0,"href":"https:\/\/diarioregionaldigital.com.br\/index.php?rest_route=\/wp\/v2\/posts\/74878\/revisions"}],"wp:featuredmedia":[{"embeddable":true,"href":"https:\/\/diarioregionaldigital.com.br\/index.php?rest_route=\/wp\/v2\/media\/74877"}],"wp:attachment":[{"href":"https:\/\/diarioregionaldigital.com.br\/index.php?rest_route=%2Fwp%2Fv2%2Fmedia&parent=74878"}],"wp:term":[{"taxonomy":"category","embeddable":true,"href":"https:\/\/diarioregionaldigital.com.br\/index.php?rest_route=%2Fwp%2Fv2%2Fcategories&post=74878"},{"taxonomy":"post_tag","embeddable":true,"href":"https:\/\/diarioregionaldigital.com.br\/index.php?rest_route=%2Fwp%2Fv2%2Ftags&post=74878"}],"curies":[{"name":"wp","href":"https:\/\/api.w.org\/{rel}","templated":true}]}}