{"id":74876,"date":"2017-06-02T22:16:10","date_gmt":"2017-06-03T01:16:10","guid":{"rendered":"http:\/\/diarioregionaljf.com.br\/2017\/06\/02\/arquitetura-de-onde-surge-a-inspiracao\/"},"modified":"2017-06-02T22:16:10","modified_gmt":"2017-06-03T01:16:10","slug":"arquitetura-de-onde-surge-a-inspiracao","status":"publish","type":"post","link":"https:\/\/diarioregionaldigital.com.br\/?p=74876","title":{"rendered":"Arquitetura: de onde surge a inspira\u00e7\u00e3o"},"content":{"rendered":"<p><img loading=\"lazy\" decoding=\"async\" class=\" size-full wp-image-74870\" src=\"http:\/\/diarioregionaljf.com.br\/wp-content\/uploads\/2017\/06\/diario-int-16584-1.jpg\" alt=\" cabecalho arquitetura\" width=\"641\" height=\"64\" srcset=\"https:\/\/diarioregionaldigital.com.br\/wp-content\/uploads\/2017\/06\/diario-int-16584-1.jpg 641w, https:\/\/diarioregionaldigital.com.br\/wp-content\/uploads\/2017\/06\/diario-int-16584-1-300x30.jpg 300w, https:\/\/diarioregionaldigital.com.br\/wp-content\/uploads\/2017\/06\/diario-int-16584-1-360x36.jpg 360w\" sizes=\"auto, (max-width: 641px) 100vw, 641px\" \/><br \/>Certa vez, um gafanhoto, impressionado com a consci\u00eancia corporal de uma centopeia perguntou-lhe:<\/p>\n<p>\u2013 Nossa, como faz para coordenar todas as cem pernas e n\u00e3o se enrolar enquanto anda?<\/p>\n<p>Ent\u00e3o, a centopeia, ao come\u00e7ar a explicar, ao racionalizar o processo, se enrolou com as pr\u00f3prias pernas. A partir desse dia, nunca mais conseguiu andar.<\/p>\n<p>Ela sempre havia andado de forma autom\u00e1tica, era da natureza dela.<\/p>\n<p>Nessa semana algu\u00e9m me perguntou de onde eu tirava inspira\u00e7\u00e3o para falar de um assunto novo de arquitetura a cada domingo?<\/p>\n<p>No momento, minhas pernas paralisaram. Por sorte, s\u00f3 tenho duas e consegui destrav\u00e1-las rapidamente, mas a s\u00edndrome da centopeia me pegou em outro lugar: de onde surge inspira\u00e7\u00e3o para falar periodicamente sobre assuntos novos? Travei.<\/p>\n<p>Me lembro que nos primeiros projetos da carreira, ficava dias (algumas vezes semanas), esperando a inspira\u00e7\u00e3o chegar. Esperava, esperava, esperava&#8230; at\u00e9 que o cliente ligava pressionando para ver um primeiro anteprojeto e a\u00ed n\u00e3o tinha jeito: sentava na prancheta e come\u00e7ava a desenhar. E a\u00ed a inspira\u00e7\u00e3o come\u00e7ava a surgir timidamente.<\/p>\n<p>Depois do primeiro anteprojeto desenvolvido, outras ideias ou inspira\u00e7\u00f5es de melhoria iam aparecendo.<\/p>\n<p>Com o tempo e com a experi\u00eancia da realiza\u00e7\u00e3o de mais projetos, a inspira\u00e7\u00e3o surgia de forma cada vez mais r\u00e1pida e flu\u00edda, al\u00e9m de mais \u201cinspirada\u201d. Entretanto, ela continuava surgindo apenas quando eu colocava o l\u00e1pis no papel.<\/p>\n<p>Existe uma boa analogia para entender o princ\u00edpio da inspira\u00e7\u00e3o:<\/p>\n<p>\u00c9 fato que nesse momento, enquanto voc\u00ea l\u00ea esse artigo, existem v\u00e1rias m\u00fasicas diferentes tocando no ar \u00e0 sua volta. Mas, se est\u00e3o no ar, por que n\u00e3o consegue ouvi-las?<\/p>\n<p>Elementar, meu caro leitor: sua cabe\u00e7a ainda n\u00e3o \u00e9 um receptor de ondas de r\u00e1dio.<\/p>\n<p>Assim, se for colocado um aparelho adequado do seu lado, voc\u00ea conseguiria ouvir essas m\u00fasicas.<\/p>\n<p>Se ligar um r\u00e1dio e sintonizar na Premium FM (depois cobro o jab\u00e1 do Grupo Sircom) ouvir\u00e1 o que toca ali no momento. Se sintonizar em outra emissora, ouvir\u00e1 sua respectiva m\u00fasica.<\/p>\n<p>Da mesma forma, se pessoas em outras \u00e1reas da cidade fizerem o mesmo, receber\u00e3o as mesmas m\u00fasicas que est\u00e3o sendo transmitidas naquele momento.<br \/>Mas, se eu ligar uma TV comum, um micro-ondas ou uma torradeira para ouvir a m\u00fasica desejada, nesses casos, \u00e9 pouco prov\u00e1vel que obtenha \u00eaxito. Talvez uma TV com Bombril na antena at\u00e9 consiga.<\/p>\n<p>E a inspira\u00e7\u00e3o se parece com isso.<\/p>\n<p>As ideias est\u00e3o por a\u00ed, no ar, s\u00e3o diversas e dispon\u00edveis para todos.<\/p>\n<p>Para sintoniz\u00e1-las, entretanto, devem ser cumpridos alguns rituais.<\/p>\n<p>Primeiramente, facilita se n\u00f3s n\u00e3o formos um micro-ondas ou uma torradeira. Ou seja, h\u00e1 uma voca\u00e7\u00e3o espec\u00edfica para sintonizar cada inspira\u00e7\u00e3o da natureza: m\u00e9dico, bombeiro, arquiteto&#8230;<\/p>\n<p>Entretanto, de nada adianta ser um r\u00e1dio, se estiver desligado. Nem ser um r\u00e1dio ligado, mas fora de sintonia.<\/p>\n<p>E a sintonia, para os arquitetos, \u00e9 estudar, se preparar, ver livros e revistas, conhecer lugares e pessoas, beber de v\u00e1rias fontes. Quanto mais fontes, mais canais conseguiremos sintonizar.<\/p>\n<p>Finalmente, a pr\u00e1tica nos permite achar os canais certos para cada situa\u00e7\u00e3o, de maneira cada vez mais r\u00e1pida e assertiva. Temos que desenhar, desenhar, desenhar&#8230;<\/p>\n<p>A inspira\u00e7\u00e3o est\u00e1 a\u00ed, dispon\u00edvel para todos, mas para traz\u00ea-la ao mundo concreto precisa-se de muito suor.<\/p>\n<p>Por isso existe a m\u00e1xima: a boa arquitetura \u00e9 feita de 2% inspira\u00e7\u00e3o e 99% transpira\u00e7\u00e3o.<\/p>\n<p>Assim \u00e9 na Arquitetura, assim \u00e9 na vida!<\/p>\n<p>Opa&#8230; aquela conta deu 101%? Bom, isso \u00e9 um problema para ser resolvido por outro tipo de inspira\u00e7\u00e3o: a dos engenheiros.<\/p>\n<p><span style=\"color: #3366ff;\"><strong><img loading=\"lazy\" decoding=\"async\" class=\" size-full wp-image-74871\" src=\"http:\/\/diarioregionaljf.com.br\/wp-content\/uploads\/2017\/06\/diario-int-16584-2.jpg\" alt=\"2\" width=\"640\" height=\"272\" srcset=\"https:\/\/diarioregionaldigital.com.br\/wp-content\/uploads\/2017\/06\/diario-int-16584-2.jpg 640w, https:\/\/diarioregionaldigital.com.br\/wp-content\/uploads\/2017\/06\/diario-int-16584-2-300x128.jpg 300w, https:\/\/diarioregionaldigital.com.br\/wp-content\/uploads\/2017\/06\/diario-int-16584-2-360x153.jpg 360w\" sizes=\"auto, (max-width: 640px) 100vw, 640px\" \/><br \/>Musas Inspiradoras<\/strong><\/span><br \/>Para os antigos gregos a inspira\u00e7\u00e3o das artes e ci\u00eancias vinha das 9 musas, filhas de Mnemosine (mem\u00f3ria) e Zeus. Representavam, assim, a mem\u00f3ria das coisas divinas. Suas artes eram: Eloqu\u00eancia, Hist\u00f3ria, Poesia, M\u00fasica, Trag\u00e9dia, Com\u00e9dia, Dan\u00e7a, Astronomia, Cerimonial<\/p>\n<p><strong style=\"color: #3366ff;\"><img loading=\"lazy\" decoding=\"async\" class=\" size-full wp-image-74872\" src=\"http:\/\/diarioregionaljf.com.br\/wp-content\/uploads\/2017\/06\/diario-int-16584-3.jpg\" alt=\"4\" width=\"640\" height=\"635\" srcset=\"https:\/\/diarioregionaldigital.com.br\/wp-content\/uploads\/2017\/06\/diario-int-16584-3.jpg 640w, https:\/\/diarioregionaldigital.com.br\/wp-content\/uploads\/2017\/06\/diario-int-16584-3-150x150.jpg 150w, https:\/\/diarioregionaldigital.com.br\/wp-content\/uploads\/2017\/06\/diario-int-16584-3-300x298.jpg 300w, https:\/\/diarioregionaldigital.com.br\/wp-content\/uploads\/2017\/06\/diario-int-16584-3-180x180.jpg 180w, https:\/\/diarioregionaldigital.com.br\/wp-content\/uploads\/2017\/06\/diario-int-16584-3-120x120.jpg 120w, https:\/\/diarioregionaldigital.com.br\/wp-content\/uploads\/2017\/06\/diario-int-16584-3-360x357.jpg 360w, https:\/\/diarioregionaldigital.com.br\/wp-content\/uploads\/2017\/06\/diario-int-16584-3-80x80.jpg 80w\" sizes=\"auto, (max-width: 640px) 100vw, 640px\" \/><br \/>Experi\u00eancia<br \/><\/strong>Arist\u00f3teles j\u00e1 dizia que \u201ca pr\u00e1tica das virtudes \u00e9 um pr\u00e9-requisito para que se possa adquiri-las\u201d. Assim, a excel\u00eancia s\u00f3 surgiria mediante longa pr\u00e1tica.<\/p>\n<p><strong><span style=\"color: #3366ff;\"><img loading=\"lazy\" decoding=\"async\" class=\" size-full wp-image-74873\" src=\"http:\/\/diarioregionaljf.com.br\/wp-content\/uploads\/2017\/06\/diario-int-16584-4.jpg\" alt=\"3\" width=\"640\" height=\"641\" srcset=\"https:\/\/diarioregionaldigital.com.br\/wp-content\/uploads\/2017\/06\/diario-int-16584-4.jpg 640w, https:\/\/diarioregionaldigital.com.br\/wp-content\/uploads\/2017\/06\/diario-int-16584-4-150x150.jpg 150w, https:\/\/diarioregionaldigital.com.br\/wp-content\/uploads\/2017\/06\/diario-int-16584-4-300x300.jpg 300w, https:\/\/diarioregionaldigital.com.br\/wp-content\/uploads\/2017\/06\/diario-int-16584-4-180x180.jpg 180w, https:\/\/diarioregionaldigital.com.br\/wp-content\/uploads\/2017\/06\/diario-int-16584-4-600x600.jpg 600w, https:\/\/diarioregionaldigital.com.br\/wp-content\/uploads\/2017\/06\/diario-int-16584-4-120x120.jpg 120w, https:\/\/diarioregionaldigital.com.br\/wp-content\/uploads\/2017\/06\/diario-int-16584-4-360x361.jpg 360w, https:\/\/diarioregionaldigital.com.br\/wp-content\/uploads\/2017\/06\/diario-int-16584-4-80x80.jpg 80w\" sizes=\"auto, (max-width: 640px) 100vw, 640px\" \/><br \/>Repert\u00f3rio<\/span><\/strong><br \/>O contato pessoal com outras civiliza\u00e7\u00f5es, pessoas e constru\u00e7\u00f5es, ampliam nosso repert\u00f3rio humano e cultural, agu\u00e7am a criatividade e nos conecta \u00e0 inspira\u00e7\u00e3o.<\/p>\n<p><strong><span style=\"color: #3366ff;\"><img loading=\"lazy\" decoding=\"async\" class=\" size-full wp-image-74874\" src=\"http:\/\/diarioregionaljf.com.br\/wp-content\/uploads\/2017\/06\/diario-int-16584-5.jpg\" alt=\"5\" width=\"640\" height=\"427\" srcset=\"https:\/\/diarioregionaldigital.com.br\/wp-content\/uploads\/2017\/06\/diario-int-16584-5.jpg 640w, https:\/\/diarioregionaldigital.com.br\/wp-content\/uploads\/2017\/06\/diario-int-16584-5-300x200.jpg 300w, https:\/\/diarioregionaldigital.com.br\/wp-content\/uploads\/2017\/06\/diario-int-16584-5-360x240.jpg 360w\" sizes=\"auto, (max-width: 640px) 100vw, 640px\" \/><br \/>Refer\u00eancias<\/span><\/strong><br \/>Para redigirmos bons textos \u00e9 necess\u00e1rio, anteriormente, ter lido muitos textos de qualidade, de variados estilos e autores e treinado a escrita por diversas vezes. Existe uma m\u00e1xima que diz que \u201cem arquitetura, nada se cria, tudo se copia\u201d e se aprimora. Por isso o estudo extensivo dos estilos arquitet\u00f4nicos \u00e9 importante.<\/p>\n<p>Inspire-nos no artigo da pr\u00f3xima semana. Envie sua sugest\u00e3o para <a href=\"http:\/\/www.facebook.com\/argusarquitetura\" target=\"_blank\" rel=\"noopener noreferrer\">Argus Arquitetura<\/a><\/p>\n<p><a href=\"http:\/\/www.facebook.com\/argusarquitetura\" target=\"_blank\" rel=\"noopener noreferrer\">Fabiano Teixeira | Arquiteto | (32) 99103-1405<\/a><\/p>\n<p><a href=\"http:\/\/www.facebook.com\/argusarquitetura\" target=\"_blank\" rel=\"noopener noreferrer\"><br \/><img loading=\"lazy\" decoding=\"async\" width=\"642\" height=\"1199\" class=\" size-full wp-image-74875\" src=\"http:\/\/diarioregionaljf.com.br\/wp-content\/uploads\/2017\/06\/diario-int-16584-6.jpg\" alt=\" propencarte\" srcset=\"https:\/\/diarioregionaldigital.com.br\/wp-content\/uploads\/2017\/06\/diario-int-16584-6.jpg 642w, https:\/\/diarioregionaldigital.com.br\/wp-content\/uploads\/2017\/06\/diario-int-16584-6-161x300.jpg 161w, https:\/\/diarioregionaldigital.com.br\/wp-content\/uploads\/2017\/06\/diario-int-16584-6-548x1024.jpg 548w, https:\/\/diarioregionaldigital.com.br\/wp-content\/uploads\/2017\/06\/diario-int-16584-6-360x672.jpg 360w\" sizes=\"auto, (max-width: 642px) 100vw, 642px\" \/><br width=\"642\" height=\"1199\" \/><\/a><\/p>\n","protected":false},"excerpt":{"rendered":"<p>Certa vez, um gafanhoto, impressionado com a consci\u00eancia corporal de uma centopeia perguntou-lhe: \u2013 Nossa, como faz para coordenar todas as cem pernas e n\u00e3o se enrolar enquanto anda? Ent\u00e3o, a centopeia, ao come\u00e7ar a explicar, ao racionalizar o processo, se enrolou com as pr\u00f3prias pernas. A partir desse dia, nunca mais conseguiu andar. Ela [&hellip;]<\/p>\n","protected":false},"author":96,"featured_media":74869,"comment_status":"closed","ping_status":"closed","sticky":false,"template":"","format":"standard","meta":{"footnotes":""},"categories":[287],"tags":[],"class_list":["post-74876","post","type-post","status-publish","format-standard","has-post-thumbnail","hentry","category-arquitetura-fabiano-teixeira"],"_links":{"self":[{"href":"https:\/\/diarioregionaldigital.com.br\/index.php?rest_route=\/wp\/v2\/posts\/74876","targetHints":{"allow":["GET"]}}],"collection":[{"href":"https:\/\/diarioregionaldigital.com.br\/index.php?rest_route=\/wp\/v2\/posts"}],"about":[{"href":"https:\/\/diarioregionaldigital.com.br\/index.php?rest_route=\/wp\/v2\/types\/post"}],"author":[{"embeddable":true,"href":"https:\/\/diarioregionaldigital.com.br\/index.php?rest_route=\/wp\/v2\/users\/96"}],"replies":[{"embeddable":true,"href":"https:\/\/diarioregionaldigital.com.br\/index.php?rest_route=%2Fwp%2Fv2%2Fcomments&post=74876"}],"version-history":[{"count":0,"href":"https:\/\/diarioregionaldigital.com.br\/index.php?rest_route=\/wp\/v2\/posts\/74876\/revisions"}],"wp:featuredmedia":[{"embeddable":true,"href":"https:\/\/diarioregionaldigital.com.br\/index.php?rest_route=\/wp\/v2\/media\/74869"}],"wp:attachment":[{"href":"https:\/\/diarioregionaldigital.com.br\/index.php?rest_route=%2Fwp%2Fv2%2Fmedia&parent=74876"}],"wp:term":[{"taxonomy":"category","embeddable":true,"href":"https:\/\/diarioregionaldigital.com.br\/index.php?rest_route=%2Fwp%2Fv2%2Fcategories&post=74876"},{"taxonomy":"post_tag","embeddable":true,"href":"https:\/\/diarioregionaldigital.com.br\/index.php?rest_route=%2Fwp%2Fv2%2Ftags&post=74876"}],"curies":[{"name":"wp","href":"https:\/\/api.w.org\/{rel}","templated":true}]}}