{"id":74815,"date":"2017-06-02T00:05:00","date_gmt":"2017-06-02T03:05:00","guid":{"rendered":"http:\/\/diarioregionaljf.com.br\/2017\/06\/02\/policia-civil-realiza-operacao-para-coibir-comercializacao-clandestina-de-carne-em-uba-e-regiao\/"},"modified":"2017-06-02T00:05:00","modified_gmt":"2017-06-02T03:05:00","slug":"policia-civil-realiza-operacao-para-coibir-comercializacao-clandestina-de-carne-em-uba-e-regiao","status":"publish","type":"post","link":"https:\/\/diarioregionaldigital.com.br\/?p=74815","title":{"rendered":"Pol\u00edcia Civil realiza opera\u00e7\u00e3o para coibir comercializa\u00e7\u00e3o clandestina de carne em Ub\u00e1 e regi\u00e3o"},"content":{"rendered":"<p>A Pol\u00edcia Civil, com apoio dos veterin\u00e1rios do Instituto Mineiro de Agropecu\u00e1ria (IMA), deu continuidade nessa quinta-feira, 1\u00ba de junho, \u00e0 opera\u00e7\u00e3o \u201cAbate Legal\u201d em Ub\u00e1, Tocantins, S\u00e3o Geraldo e Vi\u00e7osa, visando coibir o abate de animais e a comercializa\u00e7\u00e3o clandestina de carne bovina e su\u00edna na regi\u00e3o.<br \/>De acordo com o Delegado Regional de Ub\u00e1, Guttemberg Souza Filho, aproximadamente tr\u00eas toneladas de carnes, que ser\u00e3o inutilizadas, foram apreendidas nessa segunda etapa da opera\u00e7\u00e3o. Quatro pessoas foram conduzidas at\u00e9 a Delegacia de Pol\u00edcia.<\/p>\n<p>Na quarta-feira, 31, a opera\u00e7\u00e3o resultou na apreens\u00e3o de 40 cabe\u00e7as de gado, meia tonelada de carne impr\u00f3pria para consumo, duas c\u00e2meras frias lacradas, contendo em seu interior grande quantidade de carne sem origem, ganchos, balan\u00e7as, facas, e animais abatidos de origem equina. Quatro pessoas tamb\u00e9m foram conduzidas at\u00e9 a Delegacia Regional, sendo duas pessoas autuadas em flagrante pela pr\u00e1tica de crime contra as rela\u00e7\u00f5es de consumo.<\/p>\n<p>Para o chefe do 4\u00ba Departamento de Pol\u00edcia Civil, delegado Carlos Roberto da Silveira Costa, a opera\u00e7\u00e3o \u201cAbate Legal\u201d foi de extrema import\u00e2ncia para a sa\u00fade dos consumidores. \u201cCom essa atua\u00e7\u00e3o e fiscaliza\u00e7\u00e3o, evitou-se que a carne, impr\u00f3pria para o consumo humano e sem crit\u00e9rio sanit\u00e1rio, fosse consumida\u201d, destacou.<\/p>\n<p>Fonte: Assessoria<\/p>\n","protected":false},"excerpt":{"rendered":"<p>A Pol\u00edcia Civil, com apoio dos veterin\u00e1rios do Instituto Mineiro de Agropecu\u00e1ria (IMA), deu continuidade nessa quinta-feira, 1\u00ba de junho, \u00e0 opera\u00e7\u00e3o \u201cAbate Legal\u201d em Ub\u00e1, Tocantins, S\u00e3o Geraldo e Vi\u00e7osa, visando coibir o abate de animais e a comercializa\u00e7\u00e3o clandestina de carne bovina e su\u00edna na regi\u00e3o.De acordo com o Delegado Regional de Ub\u00e1, [&hellip;]<\/p>\n","protected":false},"author":96,"featured_media":74814,"comment_status":"closed","ping_status":"closed","sticky":false,"template":"","format":"standard","meta":{"footnotes":""},"categories":[252],"tags":[],"class_list":["post-74815","post","type-post","status-publish","format-standard","has-post-thumbnail","hentry","category-regiao"],"_links":{"self":[{"href":"https:\/\/diarioregionaldigital.com.br\/index.php?rest_route=\/wp\/v2\/posts\/74815","targetHints":{"allow":["GET"]}}],"collection":[{"href":"https:\/\/diarioregionaldigital.com.br\/index.php?rest_route=\/wp\/v2\/posts"}],"about":[{"href":"https:\/\/diarioregionaldigital.com.br\/index.php?rest_route=\/wp\/v2\/types\/post"}],"author":[{"embeddable":true,"href":"https:\/\/diarioregionaldigital.com.br\/index.php?rest_route=\/wp\/v2\/users\/96"}],"replies":[{"embeddable":true,"href":"https:\/\/diarioregionaldigital.com.br\/index.php?rest_route=%2Fwp%2Fv2%2Fcomments&post=74815"}],"version-history":[{"count":0,"href":"https:\/\/diarioregionaldigital.com.br\/index.php?rest_route=\/wp\/v2\/posts\/74815\/revisions"}],"wp:featuredmedia":[{"embeddable":true,"href":"https:\/\/diarioregionaldigital.com.br\/index.php?rest_route=\/wp\/v2\/media\/74814"}],"wp:attachment":[{"href":"https:\/\/diarioregionaldigital.com.br\/index.php?rest_route=%2Fwp%2Fv2%2Fmedia&parent=74815"}],"wp:term":[{"taxonomy":"category","embeddable":true,"href":"https:\/\/diarioregionaldigital.com.br\/index.php?rest_route=%2Fwp%2Fv2%2Fcategories&post=74815"},{"taxonomy":"post_tag","embeddable":true,"href":"https:\/\/diarioregionaldigital.com.br\/index.php?rest_route=%2Fwp%2Fv2%2Ftags&post=74815"}],"curies":[{"name":"wp","href":"https:\/\/api.w.org\/{rel}","templated":true}]}}