{"id":74707,"date":"2017-05-31T13:53:31","date_gmt":"2017-05-31T16:53:31","guid":{"rendered":"http:\/\/diarioregionaljf.com.br\/2017\/05\/31\/de-manchester-a-juiz-de-fora\/"},"modified":"2017-05-31T13:53:31","modified_gmt":"2017-05-31T16:53:31","slug":"de-manchester-a-juiz-de-fora","status":"publish","type":"post","link":"https:\/\/diarioregionaldigital.com.br\/?p=74707","title":{"rendered":"De Manchester a Juiz de Fora"},"content":{"rendered":"<p><img loading=\"lazy\" decoding=\"async\" class=\" size-full wp-image-74697\" src=\"http:\/\/diarioregionaljf.com.br\/wp-content\/uploads\/2017\/05\/diario-int-16500-1.jpg\" alt=\"cabecalho\" width=\"641\" height=\"64\" srcset=\"https:\/\/diarioregionaldigital.com.br\/wp-content\/uploads\/2017\/05\/diario-int-16500-1.jpg 641w, https:\/\/diarioregionaldigital.com.br\/wp-content\/uploads\/2017\/05\/diario-int-16500-1-300x30.jpg 300w, https:\/\/diarioregionaldigital.com.br\/wp-content\/uploads\/2017\/05\/diario-int-16500-1-360x36.jpg 360w\" sizes=\"auto, (max-width: 641px) 100vw, 641px\" \/><br \/>Janos era uma divindade da mitologia grega, que tinha duas caras: uma, olhando para frente, era um rosto jovem; a outra, olhando para tr\u00e1s, um anci\u00e3o.<\/p>\n<p>A face velha representava toda a experi\u00eancia acumulada do passado e a jovem a for\u00e7a da do frescor do futuro. Juntas, no mesmo ser, evitam por um lado o saudosismo estagnante e, pelo outro, a jovialidade inconsequente.<\/p>\n<p>O passado experiente e glorioso serve de base para um futuro pujante e vigoroso.<\/p>\n<p>Assim, Janos era a divindade da passagem dos ciclos, da finaliza\u00e7\u00e3o e do in\u00edcio. Por isso o primeiro m\u00eas do nosso calend\u00e1rio homenageia seu nome: Janeiro.<br \/>Esse mito \u00e9 muito prop\u00edcio para a comemora\u00e7\u00e3o de anivers\u00e1rio de nossa cidade.<\/p>\n<p>Nosso passado \u00e9 glorioso. J\u00e1 fomos pioneiros e refer\u00eancia econ\u00f4mica e cultural no Brasil de tal forma que \u00e9ramos conhecidos como a Manchester Mineira, gra\u00e7as \u00e0s nossas f\u00e1bricas; Atenas Mineira, em fun\u00e7\u00e3o da efervesc\u00eancia cultural e art\u00edstica; e ainda a Barcelona Mineira, pelo com\u00e9rcio pujante.<\/p>\n<p>Nosso passado e nossa face experiente est\u00e3o consolidados. Mas, e nossa face jovem? E nosso futuro? N\u00e3o esperemos a solu\u00e7\u00e3o de fora. Utilizemos nosso JUIZ interno para concretizar, do lado de FORA, nosso futuro promissor.<\/p>\n<p>Somos um celeiro de grandes escolas, faculdades, artistas, atletas, arquiteturas&#8230; Nosso futuro de sucesso e prosperidade est\u00e1 reservado&#8230; Logo ali. Falta apenas utilizarmos a face jovial, corajosa e empreendedora para que se concretize.<\/p>\n<p>Nosso passado \u00e9 rico. Nosso futuro promissor. Lancemos m\u00e3o de nosso JUIZ interno e coloquemos para FORA nossa verdadeira voca\u00e7\u00e3o.<\/p>\n<p>Manchester, Atenas e Barcelona foram um bom passado&#8230; Sejamos, agora, Juiz de Fora!<\/p>\n<p><span style=\"font-family: arial, helvetica, sans-serif; color: #3366ff;\"><strong>21 FATOS CURIOSOS SOBRE JF<\/p>\n<p><\/strong><\/span><img loading=\"lazy\" decoding=\"async\" class=\" size-full wp-image-74698\" src=\"http:\/\/diarioregionaljf.com.br\/wp-content\/uploads\/2017\/05\/diario-int-16500-2.jpg\" alt=\"1\" width=\"641\" height=\"725\" srcset=\"https:\/\/diarioregionaldigital.com.br\/wp-content\/uploads\/2017\/05\/diario-int-16500-2.jpg 641w, https:\/\/diarioregionaldigital.com.br\/wp-content\/uploads\/2017\/05\/diario-int-16500-2-265x300.jpg 265w, https:\/\/diarioregionaldigital.com.br\/wp-content\/uploads\/2017\/05\/diario-int-16500-2-360x407.jpg 360w\" sizes=\"auto, (max-width: 641px) 100vw, 641px\" \/><\/p>\n<p><img loading=\"lazy\" decoding=\"async\" class=\" size-full wp-image-74699\" src=\"http:\/\/diarioregionaljf.com.br\/wp-content\/uploads\/2017\/05\/diario-int-16500-3.jpg\" alt=\"2\" width=\"641\" height=\"742\" srcset=\"https:\/\/diarioregionaldigital.com.br\/wp-content\/uploads\/2017\/05\/diario-int-16500-3.jpg 641w, https:\/\/diarioregionaldigital.com.br\/wp-content\/uploads\/2017\/05\/diario-int-16500-3-259x300.jpg 259w, https:\/\/diarioregionaldigital.com.br\/wp-content\/uploads\/2017\/05\/diario-int-16500-3-360x417.jpg 360w\" sizes=\"auto, (max-width: 641px) 100vw, 641px\" \/><\/p>\n<p><a href=\"http:\/\/migre.me\/wIHMj\" target=\"_blank\" rel=\"noopener noreferrer\"><img loading=\"lazy\" decoding=\"async\" class=\" size-full wp-image-74700\" src=\"http:\/\/diarioregionaljf.com.br\/wp-content\/uploads\/2017\/05\/diario-int-16500-4.jpg\" alt=\"1893\" width=\"641\" height=\"236\" srcset=\"https:\/\/diarioregionaldigital.com.br\/wp-content\/uploads\/2017\/05\/diario-int-16500-4.jpg 641w, https:\/\/diarioregionaldigital.com.br\/wp-content\/uploads\/2017\/05\/diario-int-16500-4-300x110.jpg 300w, https:\/\/diarioregionaldigital.com.br\/wp-content\/uploads\/2017\/05\/diario-int-16500-4-360x133.jpg 360w\" sizes=\"auto, (max-width: 641px) 100vw, 641px\" \/><\/a><\/p>\n<p><a href=\"http:\/\/migre.me\/wIHMj\" target=\"_blank\" rel=\"noopener noreferrer\"><strong><img loading=\"lazy\" decoding=\"async\" class=\" size-full wp-image-74702\" src=\"http:\/\/diarioregionaljf.com.br\/wp-content\/uploads\/2017\/05\/diario-int-16500-5.jpg\" alt=\"3\" width=\"641\" height=\"758\" srcset=\"https:\/\/diarioregionaldigital.com.br\/wp-content\/uploads\/2017\/05\/diario-int-16500-5.jpg 641w, https:\/\/diarioregionaldigital.com.br\/wp-content\/uploads\/2017\/05\/diario-int-16500-5-254x300.jpg 254w, https:\/\/diarioregionaldigital.com.br\/wp-content\/uploads\/2017\/05\/diario-int-16500-5-360x426.jpg 360w\" sizes=\"auto, (max-width: 641px) 100vw, 641px\" \/><\/strong><\/a><\/p>\n<p><img loading=\"lazy\" decoding=\"async\" class=\" size-full wp-image-74702\" src=\"http:\/\/diarioregionaljf.com.br\/wp-content\/uploads\/2017\/05\/diario-int-16500-5.jpg\" alt=\"3\" width=\"641\" height=\"758\" srcset=\"https:\/\/diarioregionaldigital.com.br\/wp-content\/uploads\/2017\/05\/diario-int-16500-5.jpg 641w, https:\/\/diarioregionaldigital.com.br\/wp-content\/uploads\/2017\/05\/diario-int-16500-5-254x300.jpg 254w, https:\/\/diarioregionaldigital.com.br\/wp-content\/uploads\/2017\/05\/diario-int-16500-5-360x426.jpg 360w\" sizes=\"auto, (max-width: 641px) 100vw, 641px\" \/><\/p>\n<p><img loading=\"lazy\" decoding=\"async\" class=\" size-full wp-image-74703\" src=\"http:\/\/diarioregionaljf.com.br\/wp-content\/uploads\/2017\/05\/diario-int-16500-7.jpg\" alt=\"4\" width=\"641\" height=\"736\" srcset=\"https:\/\/diarioregionaldigital.com.br\/wp-content\/uploads\/2017\/05\/diario-int-16500-7.jpg 641w, https:\/\/diarioregionaldigital.com.br\/wp-content\/uploads\/2017\/05\/diario-int-16500-7-261x300.jpg 261w, https:\/\/diarioregionaldigital.com.br\/wp-content\/uploads\/2017\/05\/diario-int-16500-7-360x413.jpg 360w\" sizes=\"auto, (max-width: 641px) 100vw, 641px\" \/><\/p>\n<p><img loading=\"lazy\" decoding=\"async\" class=\" size-full wp-image-74704\" src=\"http:\/\/diarioregionaljf.com.br\/wp-content\/uploads\/2017\/05\/diario-int-16500-8.jpg\" alt=\"5\" width=\"641\" height=\"720\" srcset=\"https:\/\/diarioregionaldigital.com.br\/wp-content\/uploads\/2017\/05\/diario-int-16500-8.jpg 641w, https:\/\/diarioregionaldigital.com.br\/wp-content\/uploads\/2017\/05\/diario-int-16500-8-267x300.jpg 267w, https:\/\/diarioregionaldigital.com.br\/wp-content\/uploads\/2017\/05\/diario-int-16500-8-360x404.jpg 360w\" sizes=\"auto, (max-width: 641px) 100vw, 641px\" \/><\/p>\n<p><img loading=\"lazy\" decoding=\"async\" class=\" size-full wp-image-74705\" src=\"http:\/\/diarioregionaljf.com.br\/wp-content\/uploads\/2017\/05\/diario-int-16500-9.jpg\" alt=\"6\" width=\"641\" height=\"760\" srcset=\"https:\/\/diarioregionaldigital.com.br\/wp-content\/uploads\/2017\/05\/diario-int-16500-9.jpg 641w, https:\/\/diarioregionaldigital.com.br\/wp-content\/uploads\/2017\/05\/diario-int-16500-9-253x300.jpg 253w, https:\/\/diarioregionaldigital.com.br\/wp-content\/uploads\/2017\/05\/diario-int-16500-9-360x427.jpg 360w\" sizes=\"auto, (max-width: 641px) 100vw, 641px\" \/><\/p>\n<p><a href=\"http:\/\/www.facebook.com\/argusarquitetura\" target=\"_blank\" rel=\"noopener noreferrer\"><img loading=\"lazy\" decoding=\"async\" class=\" size-full wp-image-74706\" src=\"http:\/\/diarioregionaljf.com.br\/wp-content\/uploads\/2017\/05\/diario-int-16500-10.jpg\" alt=\" propencarte\" width=\"642\" height=\"1199\" srcset=\"https:\/\/diarioregionaldigital.com.br\/wp-content\/uploads\/2017\/05\/diario-int-16500-10.jpg 642w, https:\/\/diarioregionaldigital.com.br\/wp-content\/uploads\/2017\/05\/diario-int-16500-10-161x300.jpg 161w, https:\/\/diarioregionaldigital.com.br\/wp-content\/uploads\/2017\/05\/diario-int-16500-10-548x1024.jpg 548w, https:\/\/diarioregionaldigital.com.br\/wp-content\/uploads\/2017\/05\/diario-int-16500-10-360x672.jpg 360w\" sizes=\"auto, (max-width: 642px) 100vw, 642px\" \/><\/a><\/p>\n","protected":false},"excerpt":{"rendered":"<p>Janos era uma divindade da mitologia grega, que tinha duas caras: uma, olhando para frente, era um rosto jovem; a outra, olhando para tr\u00e1s, um anci\u00e3o. A face velha representava toda a experi\u00eancia acumulada do passado e a jovem a for\u00e7a da do frescor do futuro. Juntas, no mesmo ser, evitam por um lado o [&hellip;]<\/p>\n","protected":false},"author":96,"featured_media":74696,"comment_status":"closed","ping_status":"closed","sticky":false,"template":"","format":"standard","meta":{"footnotes":""},"categories":[287],"tags":[],"class_list":["post-74707","post","type-post","status-publish","format-standard","has-post-thumbnail","hentry","category-arquitetura-fabiano-teixeira"],"_links":{"self":[{"href":"https:\/\/diarioregionaldigital.com.br\/index.php?rest_route=\/wp\/v2\/posts\/74707","targetHints":{"allow":["GET"]}}],"collection":[{"href":"https:\/\/diarioregionaldigital.com.br\/index.php?rest_route=\/wp\/v2\/posts"}],"about":[{"href":"https:\/\/diarioregionaldigital.com.br\/index.php?rest_route=\/wp\/v2\/types\/post"}],"author":[{"embeddable":true,"href":"https:\/\/diarioregionaldigital.com.br\/index.php?rest_route=\/wp\/v2\/users\/96"}],"replies":[{"embeddable":true,"href":"https:\/\/diarioregionaldigital.com.br\/index.php?rest_route=%2Fwp%2Fv2%2Fcomments&post=74707"}],"version-history":[{"count":0,"href":"https:\/\/diarioregionaldigital.com.br\/index.php?rest_route=\/wp\/v2\/posts\/74707\/revisions"}],"wp:featuredmedia":[{"embeddable":true,"href":"https:\/\/diarioregionaldigital.com.br\/index.php?rest_route=\/wp\/v2\/media\/74696"}],"wp:attachment":[{"href":"https:\/\/diarioregionaldigital.com.br\/index.php?rest_route=%2Fwp%2Fv2%2Fmedia&parent=74707"}],"wp:term":[{"taxonomy":"category","embeddable":true,"href":"https:\/\/diarioregionaldigital.com.br\/index.php?rest_route=%2Fwp%2Fv2%2Fcategories&post=74707"},{"taxonomy":"post_tag","embeddable":true,"href":"https:\/\/diarioregionaldigital.com.br\/index.php?rest_route=%2Fwp%2Fv2%2Ftags&post=74707"}],"curies":[{"name":"wp","href":"https:\/\/api.w.org\/{rel}","templated":true}]}}