{"id":74289,"date":"2017-05-23T22:42:47","date_gmt":"2017-05-24T01:42:47","guid":{"rendered":"http:\/\/diarioregionaljf.com.br\/2017\/05\/23\/movimentos-sindicais-de-juiz-de-fora-integram-manifestacao-em-brasilia\/"},"modified":"2017-05-23T22:42:47","modified_gmt":"2017-05-24T01:42:47","slug":"movimentos-sindicais-de-juiz-de-fora-integram-manifestacao-em-brasilia","status":"publish","type":"post","link":"https:\/\/diarioregionaldigital.com.br\/?p=74289","title":{"rendered":"Movimentos sindicais de Juiz de Fora integram manifesta\u00e7\u00e3o em Bras\u00edlia"},"content":{"rendered":"<p>O movimento &ldquo;Ocupa Bras&iacute;lia&rdquo;, organizado pela Frente Brasil Popular e Povo Sem Medo, em conjunto com as centrais sindicais, acontece nessa quarta-feira, 24. Professores, estudantes e classes sindicais de Juiz de Fora marcam presen&ccedil;a na manifesta&ccedil;&atilde;o na capital federal. A concentra&ccedil;&atilde;o ser&aacute; a partir das 11h no Est&aacute;dio Man&eacute; Garrincha, com marcha para a Esplanada dos Minist&eacute;rios &agrave;s 14h. O ato pol&iacute;tico est&aacute; previsto para come&ccedil;ar &agrave;s 16h30 no Congresso Nacional.<\/p>\n<p>As movimenta&ccedil;&otilde;es em JF tiveram in&iacute;cio na manh&atilde; dessa ter&ccedil;a-feira, 23, com o &ldquo;roleta&ccedil;o&rdquo; no Restaurante Universit&aacute;rio (RU) da Universidade Federal de Juiz de Fora (UFJF). Os &ocirc;nibus, que transportam os funcion&aacute;rios, n&atilde;o circularam, e a central de atendimento, a biblioteca e as fun&ccedil;&otilde;es administrativas tamb&eacute;m ficaram paralisadas. &ldquo;Aproveitamos o espa&ccedil;o do restaurante para realizarmos uma a&ccedil;&atilde;o de panfletagem e debater um pouco sobre as reformas propostas pelo governo e a necessidade de elei&ccedil;&otilde;es diretas&rdquo;, avaliou Lucas Sime&atilde;o, coordenador-geral do Sindicato dos T&eacute;cnicos Administrativos em Educa&ccedil;&atilde;o das Institui&ccedil;&otilde;es Federais de Ensino no Munic&iacute;pio de Juiz de Fora (Sintufejuf).<\/p>\n<p>Na tarde dessa ter&ccedil;a-feira, 23, um &ocirc;nibus partiu com 40 trabalhadores rumo a Bras&iacute;lia, em caravana organizada pelo Sintufejuf. Na madrugada de quarta-feira, 24, outra comitiva, da Associa&ccedil;&atilde;o de Professores de Ensino Superior de Juiz de Fora (Apes JF), lever&aacute; 21 docentes para a capital. Representantes do Diret&oacute;rio Central dos Estudantes (DCE) da UFJF tamb&eacute;m confirmaram presen&ccedil;a. A Apes JF e Instituto Federal de Educa&ccedil;&atilde;o, Ci&ecirc;ncia e Tecnologia do Sudeste de Minas (IF Sudeste MG) ir&atilde;o paralisar todas as atividades nessa quarta-feira. Os professores das redes estadual e municipal tamb&eacute;m integram o movimento, al&eacute;m de membros da Central &Uacute;nica dos Trabalhadores (CUT), entre outros movimentos sindicais.<\/p>\n<p>O Sindicato &Uacute;nico dos Trabalhadores em Educa&ccedil;&atilde;o de Minas Gerais (Sind-UTE\/MG) enviou a Bras&iacute;lia oito &ocirc;nibus. Em sua p&aacute;gina no Facebook, o sindicato informou que a subsede ficar&aacute; fechada at&eacute; quinta-feira, 25. Representantes do Sindicato dos Professores de Juiz de Fora (Sinpro-JF) tamb&eacute;m comparecer&atilde;o. O Sindicato, por meio de comunicado em sua p&aacute;gina oficial, disse que na quarta-feira, 31, haver&aacute; paralisa&ccedil;&atilde;o das atividades da categoria e uma assembleia para discuss&atilde;o das quest&otilde;es, &agrave;s 15h, no Ritz Hotel.<\/p>\n<h4>NA C&Acirc;MARA MUNICIPAL<\/h4>\n<p>Nesta quarta-feira, 24, a partir das 16h30, acontecer&aacute;, em frente a C&acirc;mara Municipal, um ato paralelo ao Ocupa Bras&iacute;lia. A manifesta&ccedil;&atilde;o tamb&eacute;m ser&aacute; contra as reformas, pedindo elei&ccedil;&otilde;es diretas e afastamento do presidente Michel Temer. A manifesta&ccedil;&atilde;o local &eacute; uma iniciativa do F&oacute;rum Sindical e Popular, que congrega mais de 20 entidades sindicais e movimentos sociais de Juiz de Fora. Tamb&eacute;m participam da articula&ccedil;&atilde;o desta manifesta&ccedil;&atilde;o no munic&iacute;pio a Frente Brasil Popular, o DCE, o Sintufejuf e a Apes JF.<\/p>\n","protected":false},"excerpt":{"rendered":"<p>O movimento &ldquo;Ocupa Bras&iacute;lia&rdquo;, organizado pela Frente Brasil Popular e Povo Sem Medo, em conjunto com as centrais sindicais, acontece nessa quarta-feira, 24. Professores, estudantes e classes sindicais de Juiz de Fora marcam presen&ccedil;a na manifesta&ccedil;&atilde;o na capital federal. A concentra&ccedil;&atilde;o ser&aacute; a partir das 11h no Est&aacute;dio Man&eacute; Garrincha, com marcha para a Esplanada [&hellip;]<\/p>\n","protected":false},"author":96,"featured_media":74288,"comment_status":"closed","ping_status":"closed","sticky":false,"template":"","format":"standard","meta":{"footnotes":""},"categories":[253],"tags":[],"class_list":["post-74289","post","type-post","status-publish","format-standard","has-post-thumbnail","hentry","category-cidade"],"_links":{"self":[{"href":"https:\/\/diarioregionaldigital.com.br\/index.php?rest_route=\/wp\/v2\/posts\/74289","targetHints":{"allow":["GET"]}}],"collection":[{"href":"https:\/\/diarioregionaldigital.com.br\/index.php?rest_route=\/wp\/v2\/posts"}],"about":[{"href":"https:\/\/diarioregionaldigital.com.br\/index.php?rest_route=\/wp\/v2\/types\/post"}],"author":[{"embeddable":true,"href":"https:\/\/diarioregionaldigital.com.br\/index.php?rest_route=\/wp\/v2\/users\/96"}],"replies":[{"embeddable":true,"href":"https:\/\/diarioregionaldigital.com.br\/index.php?rest_route=%2Fwp%2Fv2%2Fcomments&post=74289"}],"version-history":[{"count":0,"href":"https:\/\/diarioregionaldigital.com.br\/index.php?rest_route=\/wp\/v2\/posts\/74289\/revisions"}],"wp:featuredmedia":[{"embeddable":true,"href":"https:\/\/diarioregionaldigital.com.br\/index.php?rest_route=\/wp\/v2\/media\/74288"}],"wp:attachment":[{"href":"https:\/\/diarioregionaldigital.com.br\/index.php?rest_route=%2Fwp%2Fv2%2Fmedia&parent=74289"}],"wp:term":[{"taxonomy":"category","embeddable":true,"href":"https:\/\/diarioregionaldigital.com.br\/index.php?rest_route=%2Fwp%2Fv2%2Fcategories&post=74289"},{"taxonomy":"post_tag","embeddable":true,"href":"https:\/\/diarioregionaldigital.com.br\/index.php?rest_route=%2Fwp%2Fv2%2Ftags&post=74289"}],"curies":[{"name":"wp","href":"https:\/\/api.w.org\/{rel}","templated":true}]}}