{"id":74286,"date":"2017-05-23T22:33:50","date_gmt":"2017-05-24T01:33:50","guid":{"rendered":"http:\/\/diarioregionaljf.com.br\/2017\/05\/23\/comissao-especial-de-combate-a-pedofilia-se-reune-pela-primeira-vez\/"},"modified":"2017-05-23T22:33:50","modified_gmt":"2017-05-24T01:33:50","slug":"comissao-especial-de-combate-a-pedofilia-se-reune-pela-primeira-vez","status":"publish","type":"post","link":"https:\/\/diarioregionaldigital.com.br\/?p=74286","title":{"rendered":"Comiss\u00e3o Especial de Combate \u00e0 Pedofilia se re\u00fane pela primeira vez"},"content":{"rendered":"<p>Ap&oacute;s a oficializa&ccedil;&atilde;o da Comiss&atilde;o Especial de Combate &agrave; Pedofilia, os vereadores Delegada Sheila (PTC) &#8211; presidente, Ana do Padre Frederico (PMDB), Charlles Evangelista (PP), Marlon Siqueira (PMDB) e J&uacute;lio Obama Jr. (PHS) realizaram a primeira reuni&atilde;o na tarde desta ter&ccedil;a-feira, 23. Os membros definiram um plano de atividades para serem realizados ao longo de 2017.<\/p>\n<p>A primeira a&ccedil;&atilde;o discutida visa diminuir a exposi&ccedil;&atilde;o das crian&ccedil;as violentadas perante aos &oacute;rg&atilde;os do Estado, considerando que em muitos momentos, as mesmas precisam mais de uma vez enfrentarem a situa&ccedil;&atilde;o de relatarem o acontecimento.<\/p>\n<p>Buscando averiguar a metodologia e as car&ecirc;ncias dos &oacute;rg&atilde;os respons&aacute;veis por auxiliar as v&iacute;timas durante todo o processo, a Comiss&atilde;o pretende realizar visitas t&eacute;cnicas ao Hospital de Pronto Socorro (HPS), Delegacia da Mulher e Conselho Tutelar para definirem as necessidades das entidades e pensarem em como melhorar o processo. Al&eacute;m disso, v&atilde;o promover capacita&ccedil;&otilde;es aos profissionais que lidam diretamente com as v&iacute;timas.<\/p>\n<p>Fonte: Assessoria<\/p>\n","protected":false},"excerpt":{"rendered":"<p>Ap&oacute;s a oficializa&ccedil;&atilde;o da Comiss&atilde;o Especial de Combate &agrave; Pedofilia, os vereadores Delegada Sheila (PTC) &#8211; presidente, Ana do Padre Frederico (PMDB), Charlles Evangelista (PP), Marlon Siqueira (PMDB) e J&uacute;lio Obama Jr. (PHS) realizaram a primeira reuni&atilde;o na tarde desta ter&ccedil;a-feira, 23. Os membros definiram um plano de atividades para serem realizados ao longo de [&hellip;]<\/p>\n","protected":false},"author":96,"featured_media":0,"comment_status":"closed","ping_status":"closed","sticky":false,"template":"","format":"standard","meta":{"footnotes":""},"categories":[254],"tags":[],"class_list":["post-74286","post","type-post","status-publish","format-standard","hentry","category-politica"],"_links":{"self":[{"href":"https:\/\/diarioregionaldigital.com.br\/index.php?rest_route=\/wp\/v2\/posts\/74286","targetHints":{"allow":["GET"]}}],"collection":[{"href":"https:\/\/diarioregionaldigital.com.br\/index.php?rest_route=\/wp\/v2\/posts"}],"about":[{"href":"https:\/\/diarioregionaldigital.com.br\/index.php?rest_route=\/wp\/v2\/types\/post"}],"author":[{"embeddable":true,"href":"https:\/\/diarioregionaldigital.com.br\/index.php?rest_route=\/wp\/v2\/users\/96"}],"replies":[{"embeddable":true,"href":"https:\/\/diarioregionaldigital.com.br\/index.php?rest_route=%2Fwp%2Fv2%2Fcomments&post=74286"}],"version-history":[{"count":0,"href":"https:\/\/diarioregionaldigital.com.br\/index.php?rest_route=\/wp\/v2\/posts\/74286\/revisions"}],"wp:attachment":[{"href":"https:\/\/diarioregionaldigital.com.br\/index.php?rest_route=%2Fwp%2Fv2%2Fmedia&parent=74286"}],"wp:term":[{"taxonomy":"category","embeddable":true,"href":"https:\/\/diarioregionaldigital.com.br\/index.php?rest_route=%2Fwp%2Fv2%2Fcategories&post=74286"},{"taxonomy":"post_tag","embeddable":true,"href":"https:\/\/diarioregionaldigital.com.br\/index.php?rest_route=%2Fwp%2Fv2%2Ftags&post=74286"}],"curies":[{"name":"wp","href":"https:\/\/api.w.org\/{rel}","templated":true}]}}