{"id":72154,"date":"2017-04-10T23:07:44","date_gmt":"2017-04-11T02:07:44","guid":{"rendered":"http:\/\/diarioregionaljf.com.br\/2017\/04\/10\/homem-e-baleado-na-frente-da-familia-em-muriae\/"},"modified":"2017-04-10T23:07:44","modified_gmt":"2017-04-11T02:07:44","slug":"homem-e-baleado-na-frente-da-familia-em-muriae","status":"publish","type":"post","link":"https:\/\/diarioregionaldigital.com.br\/?p=72154","title":{"rendered":"Homem \u00e9 baleado na frente da fam\u00edlia em Muria\u00e9"},"content":{"rendered":"<p>Um homem de 33 anos, morador do bairro Planalto, foi ferido com v&aacute;rios tiros, no in&iacute;cio da noite desse domingo, 9, no bairro Safira, e morreu horas depois, j&aacute; durante a madrugada desta segunda-feira, 10, no Hospital S&atilde;o Paulo (HSP). A v&iacute;tima foi baleada enquanto dirigia seu autom&oacute;vel e estava acompanhado da esposa e do filho de menos de um ano, que n&atilde;o foram atingidos.<\/p>\n<p>Ferido, o homem perdeu o controle da dire&ccedil;&atilde;o, o ve&iacute;culo subiu na cal&ccedil;ada e bateu de frente na fachada de um im&oacute;vel, danificando tamb&eacute;m uma porta de a&ccedil;o. Ele foi socorrido pelo Corpo de Bombeiros, com apoio de policiais militares, sendo encaminhado ao Pronto Socorro do HSP.<\/p>\n<p>De acordo com o registro da Pol&iacute;cia Militar (PM), uma testemunha contou que a fam&iacute;lia passava de carro pela Rua Sebasti&atilde;o Celestino quando um grupo de ao menos quatro homens caminhou em dire&ccedil;&atilde;o ao autom&oacute;vel e em seguida os tiros come&ccedil;aram a ser disparados contra o carro.<\/p>\n<p>Conforme o relato, n&atilde;o foi poss&iacute;vel saber se os disparos foram efetuados por apenas uma ou mais pessoas. Uma motocicleta que estava estacionada na rua foi atingida no tanque por um dos tiros, e a per&iacute;cia da Pol&iacute;cia Civil (PC) recolheu o total de sete c&aacute;psulas de calibre 32 na cena do crime.<\/p>\n<p>Ainda segundo a PM, durante o atendimento m&eacute;dico foram constatadas pelo menos 10 perfura&ccedil;&otilde;es no corpo da v&iacute;tima.<\/p>\n<p>Os militares relatam ter recebido informa&ccedil;&otilde;es sobre um suspeito, por&eacute;m, o mesmo n&atilde;o foi localizado, o caso ser&aacute; investigado pela Pol&iacute;cia Civil.<\/p>\n<p>Colabora&ccedil;&atilde;o: R&aacute;dio Muria&eacute;<\/p>\n","protected":false},"excerpt":{"rendered":"<p>Um homem de 33 anos, morador do bairro Planalto, foi ferido com v&aacute;rios tiros, no in&iacute;cio da noite desse domingo, 9, no bairro Safira, e morreu horas depois, j&aacute; durante a madrugada desta segunda-feira, 10, no Hospital S&atilde;o Paulo (HSP). A v&iacute;tima foi baleada enquanto dirigia seu autom&oacute;vel e estava acompanhado da esposa e do [&hellip;]<\/p>\n","protected":false},"author":96,"featured_media":72153,"comment_status":"closed","ping_status":"closed","sticky":false,"template":"","format":"standard","meta":{"footnotes":""},"categories":[252],"tags":[],"class_list":["post-72154","post","type-post","status-publish","format-standard","has-post-thumbnail","hentry","category-regiao"],"_links":{"self":[{"href":"https:\/\/diarioregionaldigital.com.br\/index.php?rest_route=\/wp\/v2\/posts\/72154","targetHints":{"allow":["GET"]}}],"collection":[{"href":"https:\/\/diarioregionaldigital.com.br\/index.php?rest_route=\/wp\/v2\/posts"}],"about":[{"href":"https:\/\/diarioregionaldigital.com.br\/index.php?rest_route=\/wp\/v2\/types\/post"}],"author":[{"embeddable":true,"href":"https:\/\/diarioregionaldigital.com.br\/index.php?rest_route=\/wp\/v2\/users\/96"}],"replies":[{"embeddable":true,"href":"https:\/\/diarioregionaldigital.com.br\/index.php?rest_route=%2Fwp%2Fv2%2Fcomments&post=72154"}],"version-history":[{"count":0,"href":"https:\/\/diarioregionaldigital.com.br\/index.php?rest_route=\/wp\/v2\/posts\/72154\/revisions"}],"wp:featuredmedia":[{"embeddable":true,"href":"https:\/\/diarioregionaldigital.com.br\/index.php?rest_route=\/wp\/v2\/media\/72153"}],"wp:attachment":[{"href":"https:\/\/diarioregionaldigital.com.br\/index.php?rest_route=%2Fwp%2Fv2%2Fmedia&parent=72154"}],"wp:term":[{"taxonomy":"category","embeddable":true,"href":"https:\/\/diarioregionaldigital.com.br\/index.php?rest_route=%2Fwp%2Fv2%2Fcategories&post=72154"},{"taxonomy":"post_tag","embeddable":true,"href":"https:\/\/diarioregionaldigital.com.br\/index.php?rest_route=%2Fwp%2Fv2%2Ftags&post=72154"}],"curies":[{"name":"wp","href":"https:\/\/api.w.org\/{rel}","templated":true}]}}