{"id":72150,"date":"2017-04-10T22:27:36","date_gmt":"2017-04-11T01:27:36","guid":{"rendered":"http:\/\/diarioregionaljf.com.br\/2017\/04\/10\/catolicos-celebram-semana-santa\/"},"modified":"2017-04-10T22:27:36","modified_gmt":"2017-04-11T01:27:36","slug":"catolicos-celebram-semana-santa","status":"publish","type":"post","link":"https:\/\/diarioregionaldigital.com.br\/?p=72150","title":{"rendered":"Semana Santa re\u00fane milhares de cat\u00f3licos em celebra\u00e7\u00f5es religiosas"},"content":{"rendered":"<p>A Semana Santa &eacute; uma tradi&ccedil;&atilde;o religiosa cat&oacute;lica, chamada de &ldquo;Semana Maior&rdquo;, pois nela, celebra-se a Paix&atilde;o, Morte e Ressurrei&ccedil;&atilde;o de Jesus Cristo. &Egrave; tamb&eacute;m considerado o tempo de reflex&atilde;o e convers&atilde;o dos fi&eacute;is cat&oacute;licos, segundo o padre da par&oacute;quia de Santa Rita, &nbsp;Ant&ocirc;nio Camilo de Paiva.<\/p>\n<p>De acordo com o sacerdote, o objetivo da Semana Santa &eacute; fazer com que o fiel conhe&ccedil;a a historia de Jesus Cristo e a b&iacute;blia. &ldquo;A ess&ecirc;ncia do cristianismo est&aacute; nessa semana. Ao participar, o fiel n&atilde;o &eacute; o espectador, ele vive o momento, e ao viver, ele ter&aacute; como conhecer a Jesus Cristo e a b&iacute;blia. Afinal, ningu&eacute;m ama aquilo que n&atilde;o conhece&rdquo;, comentou.<\/p>\n<p>Para os fi&eacute;is, o esp&iacute;rito &eacute; recordado nas tradicionais celebra&ccedil;&otilde;es que ocorrem durante toda a semana, mas tamb&eacute;m atrav&eacute;s de encena&ccedil;&otilde;es promovidas por par&oacute;quias e comunidades. O Domingo de Ramos abre solenemente a Semana Santa, acompanhado da Segunda-Feira Santa, Ter&ccedil;a-Feira Santa, al&eacute;m da Quarta-Feira Santa.<\/p>\n<p>Na Quinta-Feira Snata, durante a manh&atilde;, os sacerdotes renovam os votos que fizeram no dia de suas ordena&ccedil;&otilde;es e na parte da tarde, acontece &agrave; tradicional &ldquo;Celebra&ccedil;&atilde;o do Lava P&eacute;s&rdquo;. &ldquo;Esse &eacute; um gesto de humildade feito por Jesus. Quem quiser ser como ele, dever&aacute; agir como ele, lavando os p&eacute;s dos outros. Lavar os p&eacute;s significa purificar, estar preparado para receber Jesus&rdquo;, explicou o padre. &ldquo;O penitente n&atilde;o deve ter medo do padre, pois n&atilde;o estamos ali para julgar. O objetivo &eacute; purificar os pecados atrav&eacute;s de confiss&otilde;es&rdquo;, completou. Ainda, durante a quinta-feira, os sacerdotes celebram uma missa com ben&ccedil;&atilde;o dos &oacute;leos Catec&uacute;menos e dos Enfermos e a confec&ccedil;&atilde;o e consagra&ccedil;&atilde;o do &oacute;leo do santo Crisma. &ldquo;S&atilde;o &oacute;leos usados durante o ano todo pela par&oacute;quia nas celebra&ccedil;&otilde;es lit&uacute;rgicas&rdquo;, acrescentou.<\/p>\n<p>J&aacute; na Sexta-Feira Santa &eacute; lembrada a morte de Jesus Cristo, sendo celebrada a Solene A&ccedil;&atilde;o Lit&uacute;rgica, Paix&atilde;o e o momento da Adora&ccedil;&atilde;o da Cruz. O s&aacute;bado &eacute; o dia da espera. Os crist&atilde;os, junto ao sepulcro de Jesus, aguardam sua ressurrei&ccedil;&atilde;o. No final deste dia &eacute; celebrada a Solene Vig&iacute;lia Pascal. Finalmente, o Domingo de P&aacute;scoa &eacute; considerado o dia mais importante da f&eacute; crist&atilde;. Nele celebra-se a Ressurrei&ccedil;&atilde;o de Jesus Cristo.<\/p>\n<h4><strong>Confira a programa&ccedil;&atilde;o de algumas par&oacute;quias da cidade:<\/strong><\/h4>\n<p>&nbsp;<\/p>\n<h5><strong>PAR&Oacute;QUIA S&Atilde;O MATEUS &ndash; S&Atilde;O MATEUS<\/strong><\/h5>\n<p>A Equipe de Teatro da Par&oacute;quia S&atilde;o Mateus, o Grupo SacrArte, est&aacute; preparando a pe&ccedil;a &ldquo;Addolorata&rdquo; para ser apresentada neste s&aacute;bado, dia 8 de abril. O evento encerrar&aacute; a Semana das Dores na par&oacute;quia e dar&aacute; in&iacute;cio &agrave;s atividades oficiais da Semana Santa.<\/p>\n<p>Como j&aacute; &eacute; costume, o grupo trar&aacute; uma abordagem diferente sobre a Paix&atilde;o de Cristo e contar&aacute; a hist&oacute;ria pelos olhos de Nossa Senhora das Dores, por ocasi&atilde;o do Ano Mariano celebrado em 2017. Outro aspecto importante a ser trabalhado na nona pe&ccedil;a do grupo ser&aacute; a participa&ccedil;&atilde;o feminina da &eacute;poca.<br \/>A pe&ccedil;a ser&aacute; apresentada &agrave;s 19h, no interior da Igreja S&atilde;o Mateus. A entrada &eacute; franca e livre para todos os p&uacute;blicos.<\/p>\n<p>&nbsp;<\/p>\n<h5><strong>PAR&Oacute;QUIA SANTA LUZIA &ndash; SANTA LUZIA<\/strong><\/h5>\n<p>A encena&ccedil;&atilde;o da Paix&atilde;o de Cristo pelo Grupo Semana Santa, da Par&oacute;quia Santa Luzia, do bairro hom&ocirc;nimo, est&aacute; marcada para a Sexta-feira Santa, dia 14 de abril, a partir das 19h30, na Matriz. Assim como em 2016, a proposta da apresenta&ccedil;&atilde;o ser&aacute; conduzida sob o ponto de vista da convers&atilde;o de Paulo, com algumas corre&ccedil;&otilde;es e modifica&ccedil;&otilde;es.<\/p>\n<p>Mais de 60 pessoas est&atilde;o envolvidas na realiza&ccedil;&atilde;o do teatro, entre 35 atores e produ&ccedil;&atilde;o. A expectativa &eacute; que, como nos anos anteriores, a encena&ccedil;&atilde;o da Paix&atilde;o de Cristo atraia cerca de mil expectadores na par&oacute;quia.<\/p>\n<p>&nbsp;<\/p>\n<h5><strong>PAR&Oacute;QUIA S&Atilde;O PEDRO E PAR&Oacute;QUIA NOSSA SENHORA DE F&Aacute;TIMA &ndash; CIDADE ALTA<\/strong><\/h5>\n<p>Promovido pelas par&oacute;quias S&atilde;o Pedro e Nossa Senhora de F&aacute;tima, o musical &ldquo;Paix&atilde;o de Cristo &ndash; Maria, presen&ccedil;a viva!&rdquo; est&aacute; marcado para a Sexta-feira Santa, 14, &agrave;s 19h, na Esta&ccedil;&atilde;o S&atilde;o Pedro. A apresenta&ccedil;&atilde;o ser&aacute; conduzida por integrantes do Grupo Jovem JUDAC e ter&aacute; entrada gratuita.<\/p>\n<p>Ap&oacute;s o musical, haver&aacute; prociss&atilde;o com a imagem do Senhor Morto para a Matriz S&atilde;o Pedro.<\/p>\n","protected":false},"excerpt":{"rendered":"<p>A Semana Santa &eacute; uma tradi&ccedil;&atilde;o religiosa cat&oacute;lica, chamada de &ldquo;Semana Maior&rdquo;, pois nela, celebra-se a Paix&atilde;o, Morte e Ressurrei&ccedil;&atilde;o de Jesus Cristo. &Egrave; tamb&eacute;m considerado o tempo de reflex&atilde;o e convers&atilde;o dos fi&eacute;is cat&oacute;licos, segundo o padre da par&oacute;quia de Santa Rita, &nbsp;Ant&ocirc;nio Camilo de Paiva. De acordo com o sacerdote, o objetivo da [&hellip;]<\/p>\n","protected":false},"author":96,"featured_media":0,"comment_status":"closed","ping_status":"closed","sticky":false,"template":"","format":"standard","meta":{"footnotes":""},"categories":[262],"tags":[],"class_list":["post-72150","post","type-post","status-publish","format-standard","hentry","category-noticias"],"_links":{"self":[{"href":"https:\/\/diarioregionaldigital.com.br\/index.php?rest_route=\/wp\/v2\/posts\/72150","targetHints":{"allow":["GET"]}}],"collection":[{"href":"https:\/\/diarioregionaldigital.com.br\/index.php?rest_route=\/wp\/v2\/posts"}],"about":[{"href":"https:\/\/diarioregionaldigital.com.br\/index.php?rest_route=\/wp\/v2\/types\/post"}],"author":[{"embeddable":true,"href":"https:\/\/diarioregionaldigital.com.br\/index.php?rest_route=\/wp\/v2\/users\/96"}],"replies":[{"embeddable":true,"href":"https:\/\/diarioregionaldigital.com.br\/index.php?rest_route=%2Fwp%2Fv2%2Fcomments&post=72150"}],"version-history":[{"count":0,"href":"https:\/\/diarioregionaldigital.com.br\/index.php?rest_route=\/wp\/v2\/posts\/72150\/revisions"}],"wp:attachment":[{"href":"https:\/\/diarioregionaldigital.com.br\/index.php?rest_route=%2Fwp%2Fv2%2Fmedia&parent=72150"}],"wp:term":[{"taxonomy":"category","embeddable":true,"href":"https:\/\/diarioregionaldigital.com.br\/index.php?rest_route=%2Fwp%2Fv2%2Fcategories&post=72150"},{"taxonomy":"post_tag","embeddable":true,"href":"https:\/\/diarioregionaldigital.com.br\/index.php?rest_route=%2Fwp%2Fv2%2Ftags&post=72150"}],"curies":[{"name":"wp","href":"https:\/\/api.w.org\/{rel}","templated":true}]}}