{"id":72138,"date":"2017-04-10T18:31:27","date_gmt":"2017-04-10T21:31:27","guid":{"rendered":"http:\/\/diarioregionaljf.com.br\/2017\/04\/10\/camara-agenda-audiencia-sobre-o-sistema-de-transporte-publico-em-jf\/"},"modified":"2017-04-10T18:31:27","modified_gmt":"2017-04-10T21:31:27","slug":"camara-agenda-audiencia-sobre-o-sistema-de-transporte-publico-em-jf","status":"publish","type":"post","link":"https:\/\/diarioregionaldigital.com.br\/?p=72138","title":{"rendered":"C\u00e2mara agenda audi\u00eancia sobre o sistema de transporte p\u00fablico em JF"},"content":{"rendered":"<p>A recorrente troca de linhas, hor&aacute;rios e itiner&aacute;rios do sistema de transporte p&uacute;blico por parte da secretaria de Transporte e Tr&acirc;nsito (Settra) ser&aacute; tema da 1&ordf; audi&ecirc;ncia p&uacute;blica do 4&deg; per&iacute;odo, atendendo ao requerimento n.0991\/17, de autoria do vereador Cido Reis (PSB).<\/p>\n<p>A discuss&atilde;o sobre o tema acontece no dia 19 de abril, &agrave;s 15h, no plen&aacute;rio da C&acirc;mara. Pautas elencadas pelo Sindicato dos trabalhadores em Transportes Rodovi&aacute;rios de Juiz de Fora- Sintrro\/JF tamb&eacute;m far&atilde;o parte do debate.<\/p>\n<p>Foram convidados a participar desta audi&ecirc;ncia p&uacute;blica os secret&aacute;rios de Governo, de Transporte e Tr&acirc;nsito, o Sinttro\/JF, o Sindicato do Cons&oacute;rcio Integrado de Transporte Urbano e a Uni&atilde;o de bairros e distritos de Juiz de Fora &#8211; Unijuf.<\/p>\n<p>Fonte: Assessoria \/ C&acirc;mara Municipal de JF<\/p>\n","protected":false},"excerpt":{"rendered":"<p>A recorrente troca de linhas, hor&aacute;rios e itiner&aacute;rios do sistema de transporte p&uacute;blico por parte da secretaria de Transporte e Tr&acirc;nsito (Settra) ser&aacute; tema da 1&ordf; audi&ecirc;ncia p&uacute;blica do 4&deg; per&iacute;odo, atendendo ao requerimento n.0991\/17, de autoria do vereador Cido Reis (PSB). A discuss&atilde;o sobre o tema acontece no dia 19 de abril, &agrave;s 15h, [&hellip;]<\/p>\n","protected":false},"author":96,"featured_media":72137,"comment_status":"closed","ping_status":"closed","sticky":false,"template":"","format":"standard","meta":{"footnotes":""},"categories":[253],"tags":[],"class_list":["post-72138","post","type-post","status-publish","format-standard","has-post-thumbnail","hentry","category-cidade"],"_links":{"self":[{"href":"https:\/\/diarioregionaldigital.com.br\/index.php?rest_route=\/wp\/v2\/posts\/72138","targetHints":{"allow":["GET"]}}],"collection":[{"href":"https:\/\/diarioregionaldigital.com.br\/index.php?rest_route=\/wp\/v2\/posts"}],"about":[{"href":"https:\/\/diarioregionaldigital.com.br\/index.php?rest_route=\/wp\/v2\/types\/post"}],"author":[{"embeddable":true,"href":"https:\/\/diarioregionaldigital.com.br\/index.php?rest_route=\/wp\/v2\/users\/96"}],"replies":[{"embeddable":true,"href":"https:\/\/diarioregionaldigital.com.br\/index.php?rest_route=%2Fwp%2Fv2%2Fcomments&post=72138"}],"version-history":[{"count":0,"href":"https:\/\/diarioregionaldigital.com.br\/index.php?rest_route=\/wp\/v2\/posts\/72138\/revisions"}],"wp:featuredmedia":[{"embeddable":true,"href":"https:\/\/diarioregionaldigital.com.br\/index.php?rest_route=\/wp\/v2\/media\/72137"}],"wp:attachment":[{"href":"https:\/\/diarioregionaldigital.com.br\/index.php?rest_route=%2Fwp%2Fv2%2Fmedia&parent=72138"}],"wp:term":[{"taxonomy":"category","embeddable":true,"href":"https:\/\/diarioregionaldigital.com.br\/index.php?rest_route=%2Fwp%2Fv2%2Fcategories&post=72138"},{"taxonomy":"post_tag","embeddable":true,"href":"https:\/\/diarioregionaldigital.com.br\/index.php?rest_route=%2Fwp%2Fv2%2Ftags&post=72138"}],"curies":[{"name":"wp","href":"https:\/\/api.w.org\/{rel}","templated":true}]}}