{"id":72093,"date":"2017-04-08T01:51:25","date_gmt":"2017-04-08T04:51:25","guid":{"rendered":"http:\/\/diarioregionaljf.com.br\/2017\/04\/08\/conheca-sabara-e-suas-tradicoes-religiosas\/"},"modified":"2017-04-08T01:51:25","modified_gmt":"2017-04-08T04:51:25","slug":"conheca-sabara-e-suas-tradicoes-religiosas","status":"publish","type":"post","link":"https:\/\/diarioregionaldigital.com.br\/?p=72093","title":{"rendered":"Conhe\u00e7a Sabar\u00e1 e suas tradi\u00e7\u00f5es religiosas"},"content":{"rendered":"<p>Cidade hist&oacute;rica mais pr&oacute;xima da capital de Minas Gerais, Belo Horizonte, Sabar&aacute; integra a Regi&atilde;o Metropolitana (RMBH), situando-se a 17 km da capital. A cidade &eacute; uma tradi&ccedil;&atilde;o na Semana Santa.<\/p>\n<p>Um verdadeiro espet&aacute;culo de f&eacute;, a Semana Santa em Sabar&aacute;, celebra&ccedil;&atilde;o religiosa secular organizada pela igreja cat&oacute;lica com o apoio da Prefeitura Municipal e a participa&ccedil;&atilde;o de fi&eacute;is colaboradores e turistas; possui algumas particularidades. Na Ter&ccedil;a-feira Santa, 11, acontece o tradicional Serm&atilde;o do Encontro e Canto de Ver&ocirc;nica, destino final da prociss&atilde;o que carrega a imagem de Nossa Senhora das Dores e da prociss&atilde;o que leva a imagem do Senhor dos Passos. Realizada na Quinta-Feira Santa, 13, pontualmente &agrave;s 15h, e que segue em vig&iacute;lia at&eacute; as 8h da Sexta-Feira da Paix&atilde;o, temos a cerim&ocirc;nia &uacute;nica da Abertura do Santo Sepulcro. Na madrugada de Sexta-Feira da Paix&atilde;o, 14, centenas de fi&eacute;is pagam promessas subindo as ladeiras do Morro da Cruz na Via Sacra a Penitenci&aacute;ria, tamb&eacute;m na sexta-feira. O Grupo Cena Aberta encena em Espa&ccedil;o P&uacute;blico a Paix&atilde;o e Morte de Jesus Cristo.<\/p>\n<p>Prociss&otilde;es, encena&ccedil;&otilde;es p&uacute;blicas, missas, penit&ecirc;ncias e adora&ccedil;&otilde;es fazem parte desta grande manifesta&ccedil;&atilde;o de f&eacute; que come&ccedil;a no Domingo de Ramos, e termina no domingo de P&aacute;scoa.<\/p>\n<p>Al&eacute;m de ser uma cidade onde as tradi&ccedil;&otilde;es religiosas s&atilde;o destaques, Sabar&aacute; &eacute; uma importante cidade hist&oacute;rica.<\/p>\n<p>A hist&oacute;ria da regi&atilde;o, ent&atilde;o conhecida como Sabarabu&ccedil;u, remonta &agrave;s narrativas de aventureiros atra&iacute;dos para o sert&atilde;o em busca da riqueza das serras. Fern&atilde;o Dias, Borba Gato e seus bandeirantes chegaram &agrave; localidade em 167, dando in&iacute;cio ao arraial. Centro comercial estrat&eacute;gico, diretamente ligado &agrave; Estrada Real, em 1700 o arraial da Barra do Sabar&aacute; era um dos mais populosos de Minas Gerais. Em 1711, foi elevado &agrave; condi&ccedil;&atilde;o de Vila Real de Nossa Senhora da Concei&ccedil;&atilde;o do Sabar&aacute;. No ciclo do ouro, a regi&atilde;o prosperou, ali foram instalados casas de fundi&ccedil;&atilde;o, onde eram cobrados os impostos sobre a produ&ccedil;&atilde;o aur&iacute;fera. Mesmo com o fim do per&iacute;odo &aacute;ureo, Sabar&aacute; manteve essa atividade comercial at&eacute; boa parte do s&eacute;culo XIX e, ainda hoje, o mineral &eacute; explorado no munic&iacute;pio. A chegada da Ferrovia Central do Brasil inaugurou o ciclo do ferro, que persiste at&eacute; os dias atuais.<\/p>\n<p>Sabar&aacute; possui diversos s&iacute;rios hist&oacute;ricos preservados, especialmente no Centro da cidade. Por ali, &eacute; poss&iacute;vel encontrar casar&otilde;es do s&eacute;culo XIX, antigos chafarizes e not&aacute;veis acervos de igrejas setecentistas. No Bairro Pomp&eacute;u, o ambiente tipicamente interiorano &eacute; conservado, com natureza exuberante e culin&aacute;ria tipicamente mineira de tradi&ccedil;&atilde;o caipira, destacando-se pratos com hortali&ccedil;a ora-pro-n&oacute;bis.<\/p>\n<p>Algumas das principais atra&ccedil;&otilde;es : Teatro Municipal &eacute; o segundo teatro mais antigo do Brasil em funcionamento. Suas linhas arquitet&ocirc;nicas revelam a influ&ecirc;ncia dos teatros ingleses do reinado de Elizabeth I, por isso &eacute; conhecido tamb&eacute;m como teatro Elizabetano. O pr&eacute;dio foi constru&iacute;do por volta de 1770 e funcionou at&eacute; por volta de 1783. Foi reinaugurado em 1819 com o nome de Casa da &Oacute;pera, recebendo as visitas dos imperadores Dom Pedro I e Dom Pedro II. Tem excelente ac&uacute;stica e encontra-se em plena atividade cultural.<\/p>\n<p>A Capela Nossa Senhora do &Oacute;, &eacute; considerada uma das ricas representa&ccedil;&otilde;es do barroco em Minas Gerais. A fachada &eacute; singela, mas seu interior chama a aten&ccedil;&atilde;o pela riqueza da talha, da primeira fase do barroco. S&atilde;o muitas as igrejas para serem visitadas.<\/p>\n<p>A Igreja Nossa Senhora do Ros&aacute;rio, &eacute; fruto da decis&atilde;o dos escravos de constru&iacute;rem sua pr&oacute;pria igreja, com a decad&ecirc;ncia das minas de ouro n&atilde;o foi permitida que a edifica&ccedil;&atilde;o fosse conclu&iacute;da e a constru&ccedil;&atilde;o foi abandonada em 1888, com a aboli&ccedil;&atilde;o da escravatura; a arquitetura apresenta detalhes das tr&ecirc;s etapas distintas da constru&ccedil;&atilde;o.<\/p>\n<p>A Igreja Matriz Nossa senhora da Concei&ccedil;&atilde;o, uma das mais antigas igrejas do estado, rivaliza em antiguidade com a Matriz de Raposo e a S&eacute; de Mariana. Igreja Nossa Senhora do Carmo, constru&ccedil;&atilde;o caracterizada da terceira fase do barroco mineiro e do estilo rococ&oacute;, a igreja tem obras de Aleijadinho e de outros importantes artistas do s&eacute;culo XVIII. Igreja de S&atilde;o Francisco, sua constru&ccedil;&atilde;o, em alvenaria de pedra, data do final do s&eacute;culo XVIII e in&iacute;cio do s&eacute;culo XIX. Diz-se que antes dela existia no local uma capelinha em madeira dedicada &agrave; padroeira dos franciscanos.<\/p>\n<p>O Museu do Ouro, antiga casa de Intend&ecirc;ncia e Fundi&ccedil;&atilde;o, &uacute;nica constru&ccedil;&atilde;o do g&ecirc;nero ainda de p&eacute; no Brasil que preserva suas caracter&iacute;sticas originais.Chafariz do Kaquende, de uma nascente do Morro de S&atilde;o Francisco a &aacute;gua l&iacute;mpida que abastece o mais famoso chagariz de Sabar&aacute;, datado de 1757. N&atilde;o se sabe ao certo a origem do nome: em tupi-guarani, &ldquo;kaquende&rdquo; significaria &ldquo;&aacute;gua cristalina que dali brota&rdquo; e em dialeto africano &ldquo;jovem forte e valoroso&rdquo;. Reza a tradi&ccedil;&atilde;o que aquele que bebe de sua &aacute;gua sempre volta a Sabar&aacute;.<\/p>\n<p>A cidade possui um bom n&uacute;mero de hospedagens, restaurantes e bares, que na Semana Santa consegue d&aacute; conta, at&eacute; por que fica muito pr&oacute;ximo a Belo Horizonte onde possui &ocirc;nibus urbanos di&aacute;rios, em v&aacute;rios hor&aacute;rios, que ligam Sabar&aacute; a capital.<\/p>\n<h4>DICAS DE VIAGEM<\/h4>\n<p>Agora que as bagagens despachadas dever&atilde;o ser cobradas, toda aten&ccedil;&atilde;o para a bagagem de m&atilde;o &eacute; importante:<\/p>\n<p>A mala dos novos tempos pesa at&eacute; 10kg e ser&aacute; aliada para n&atilde;o despachar bagagem . S&oacute; tem uma coisinha: tudo passa pelo raio X. Vamos relembrar as regras e veja como contornar as proibi&ccedil;&otilde;es.<\/p>\n<h4>&Iacute;TENS PROIBIDOS:<\/h4>\n<p>Voos dom&eacute;sticos &ndash; objetos cortantes (tesouras, canivete&#8230;). N&atilde;o h&aacute; restri&ccedil;&otilde;es para l&iacute;quidos.<\/p>\n<p>Voos Internacionais &ndash; objetos cortantes, l&iacute;quidos, gel e pastas acima de 100ml, mesmo se estiver com o conte&uacute;do abaixo desse volume, n&atilde;o passa. Rem&eacute;dios, s&oacute; com receita.<\/p>\n<p>O que fazer: n&atilde;o leve o que &eacute; proibido, sob pena de perder aquele perfume amado. Itens como os de higiene podem ser transportados em embalagens pequenas (h&aacute; kits vendidos em farm&aacute;cia para colocar xampu, condicionador, hidratante, sabonete, etc.). No exterior, &eacute; comum encontrar esses produtos j&aacute; em embalagens para viagem, aproveite!<\/p>\n","protected":false},"excerpt":{"rendered":"<p>Cidade hist&oacute;rica mais pr&oacute;xima da capital de Minas Gerais, Belo Horizonte, Sabar&aacute; integra a Regi&atilde;o Metropolitana (RMBH), situando-se a 17 km da capital. A cidade &eacute; uma tradi&ccedil;&atilde;o na Semana Santa. Um verdadeiro espet&aacute;culo de f&eacute;, a Semana Santa em Sabar&aacute;, celebra&ccedil;&atilde;o religiosa secular organizada pela igreja cat&oacute;lica com o apoio da Prefeitura Municipal e [&hellip;]<\/p>\n","protected":false},"author":96,"featured_media":72092,"comment_status":"closed","ping_status":"closed","sticky":false,"template":"","format":"standard","meta":{"footnotes":""},"categories":[284],"tags":[],"class_list":["post-72093","post","type-post","status-publish","format-standard","has-post-thumbnail","hentry","category-turismo-rosa-oliveira"],"_links":{"self":[{"href":"https:\/\/diarioregionaldigital.com.br\/index.php?rest_route=\/wp\/v2\/posts\/72093","targetHints":{"allow":["GET"]}}],"collection":[{"href":"https:\/\/diarioregionaldigital.com.br\/index.php?rest_route=\/wp\/v2\/posts"}],"about":[{"href":"https:\/\/diarioregionaldigital.com.br\/index.php?rest_route=\/wp\/v2\/types\/post"}],"author":[{"embeddable":true,"href":"https:\/\/diarioregionaldigital.com.br\/index.php?rest_route=\/wp\/v2\/users\/96"}],"replies":[{"embeddable":true,"href":"https:\/\/diarioregionaldigital.com.br\/index.php?rest_route=%2Fwp%2Fv2%2Fcomments&post=72093"}],"version-history":[{"count":0,"href":"https:\/\/diarioregionaldigital.com.br\/index.php?rest_route=\/wp\/v2\/posts\/72093\/revisions"}],"wp:featuredmedia":[{"embeddable":true,"href":"https:\/\/diarioregionaldigital.com.br\/index.php?rest_route=\/wp\/v2\/media\/72092"}],"wp:attachment":[{"href":"https:\/\/diarioregionaldigital.com.br\/index.php?rest_route=%2Fwp%2Fv2%2Fmedia&parent=72093"}],"wp:term":[{"taxonomy":"category","embeddable":true,"href":"https:\/\/diarioregionaldigital.com.br\/index.php?rest_route=%2Fwp%2Fv2%2Fcategories&post=72093"},{"taxonomy":"post_tag","embeddable":true,"href":"https:\/\/diarioregionaldigital.com.br\/index.php?rest_route=%2Fwp%2Fv2%2Ftags&post=72093"}],"curies":[{"name":"wp","href":"https:\/\/api.w.org\/{rel}","templated":true}]}}