{"id":71932,"date":"2017-04-05T23:13:32","date_gmt":"2017-04-06T02:13:32","guid":{"rendered":"http:\/\/diarioregionaljf.com.br\/2017\/04\/05\/atividades-ligadas-aos-segmentos-de-saude-e-bem-estar-podem-gerar-otimas-oportunidades-de-negocios\/"},"modified":"2017-04-05T23:13:32","modified_gmt":"2017-04-06T02:13:32","slug":"atividades-ligadas-aos-segmentos-de-saude-e-bem-estar-podem-gerar-otimas-oportunidades-de-negocios","status":"publish","type":"post","link":"https:\/\/diarioregionaldigital.com.br\/?p=71932","title":{"rendered":"Atividades ligadas aos segmentos de sa\u00fade e bem-estar podem gerar \u00f3timas oportunidades de neg\u00f3cios"},"content":{"rendered":"<p>Em dez anos, o n&uacute;mero de pessoas com mais de 60 anos no pa&iacute;s passou de 9,8% para 14,3% (fonte: IBGE 2005\/2015). Com o envelhecimento da popula&ccedil;&atilde;o e a mudan&ccedil;a de comportamento dos consumidores, cada vez mais preocupados com a qualidade de vida, as atividades ligadas aos segmentos de sa&uacute;de e bem-estar podem gerar &oacute;timas oportunidades de neg&oacute;cios neste e nos pr&oacute;ximos anos. Em 2014, este mercado representava 7% do Produto Interno do Bruto (PIB) do pa&iacute;s, com uma movimenta&ccedil;&atilde;o de R$300 bilh&otilde;es por ano.<\/p>\n<p>&ldquo;O setor de sa&uacute;de no Brasil vai passar por profundas e intensas transforma&ccedil;&otilde;es na pr&oacute;xima d&eacute;cada e n&atilde;o s&atilde;o poucos os desafios que as empresas j&aacute; come&ccedil;am a enfrentar&rdquo;, destaca a analista do Sebrae Minas, Daniela Mendon&ccedil;a. Ela afirma que para garantir sua sustentabilidade econ&ocirc;mico-financeira, as empresas do segmento precisar&atilde;o ganhar produtividade, controlar melhor os custos e incorporar novas tecnologias.<\/p>\n<p>Tendo em vista esse cen&aacute;rio, o Sebrae desenvolveu um programa para atender empresas do segmento de sa&uacute;de na cidade de Juiz de Fora, que oferecer&aacute; solu&ccedil;&otilde;es que visam contribuir para a melhoria da gest&atilde;o do neg&oacute;cio e da competitividade do segmento de sa&uacute;de na regi&atilde;o. As a&ccedil;&otilde;es s&atilde;o voltadas para micro e pequenas empresas prestadoras de servi&ccedil;os de sa&uacute;de, como cl&iacute;nicas m&eacute;dicas, odontol&oacute;gicas, laborat&oacute;rios e empresas de diagnose, farm&aacute;cias de manipula&ccedil;&atilde;o e neg&oacute;cios relacionados com sa&uacute;de.<\/p>\n<p>Uma das a&ccedil;&otilde;es do projeto &eacute; uma miss&atilde;o t&eacute;cnica com as empresas participantes. A atividade ocorre de 3 a 5 de maio. O destino &eacute; o II Simp&oacute;sio Internacional de Gest&atilde;o de Projetos, Processos e Inova&ccedil;&atilde;o na &Aacute;rea da Sa&uacute;de. O evento &eacute; promovido pelo Hospital Albert Einstein, em S&atilde;o Paulo. A segunda edi&ccedil;&atilde;o do simp&oacute;sio visa compartilhar as melhores pr&aacute;ticas em gerenciamento de projetos (Lean Six Sigma) e inova&ccedil;&atilde;o para excel&ecirc;ncia operacional de institui&ccedil;&otilde;es do setor, por meio da apresenta&ccedil;&atilde;o de cases internos e de mercado, workshops sobre gerenciamento de projetos, Design Thinking (m&eacute;todos e processos para abordar problemas, relacionados &agrave; futuras aquisi&ccedil;&otilde;es de informa&ccedil;&otilde;es, an&aacute;lise de conhecimento e propostas de solu&ccedil;&otilde;es) e pitches (discurso de venda) de startups.<\/p>\n<p>Ao longo do ano, o Sebrae Minas vai desenvolver outras a&ccedil;&otilde;es com as empresas participantes, como cursos e oficinas de gest&atilde;o, lideran&ccedil;a, estrat&eacute;gias empresariais e finan&ccedil;as.<\/p>\n<p>Para mais informa&ccedil;&otilde;es, ligue: (32) 3257-4715<\/p>\n<p>Fonte: Assessoria<\/p>\n","protected":false},"excerpt":{"rendered":"<p>Em dez anos, o n&uacute;mero de pessoas com mais de 60 anos no pa&iacute;s passou de 9,8% para 14,3% (fonte: IBGE 2005\/2015). Com o envelhecimento da popula&ccedil;&atilde;o e a mudan&ccedil;a de comportamento dos consumidores, cada vez mais preocupados com a qualidade de vida, as atividades ligadas aos segmentos de sa&uacute;de e bem-estar podem gerar &oacute;timas [&hellip;]<\/p>\n","protected":false},"author":96,"featured_media":0,"comment_status":"closed","ping_status":"closed","sticky":false,"template":"","format":"standard","meta":{"footnotes":""},"categories":[261],"tags":[],"class_list":["post-71932","post","type-post","status-publish","format-standard","hentry","category-economia"],"_links":{"self":[{"href":"https:\/\/diarioregionaldigital.com.br\/index.php?rest_route=\/wp\/v2\/posts\/71932","targetHints":{"allow":["GET"]}}],"collection":[{"href":"https:\/\/diarioregionaldigital.com.br\/index.php?rest_route=\/wp\/v2\/posts"}],"about":[{"href":"https:\/\/diarioregionaldigital.com.br\/index.php?rest_route=\/wp\/v2\/types\/post"}],"author":[{"embeddable":true,"href":"https:\/\/diarioregionaldigital.com.br\/index.php?rest_route=\/wp\/v2\/users\/96"}],"replies":[{"embeddable":true,"href":"https:\/\/diarioregionaldigital.com.br\/index.php?rest_route=%2Fwp%2Fv2%2Fcomments&post=71932"}],"version-history":[{"count":0,"href":"https:\/\/diarioregionaldigital.com.br\/index.php?rest_route=\/wp\/v2\/posts\/71932\/revisions"}],"wp:attachment":[{"href":"https:\/\/diarioregionaldigital.com.br\/index.php?rest_route=%2Fwp%2Fv2%2Fmedia&parent=71932"}],"wp:term":[{"taxonomy":"category","embeddable":true,"href":"https:\/\/diarioregionaldigital.com.br\/index.php?rest_route=%2Fwp%2Fv2%2Fcategories&post=71932"},{"taxonomy":"post_tag","embeddable":true,"href":"https:\/\/diarioregionaldigital.com.br\/index.php?rest_route=%2Fwp%2Fv2%2Ftags&post=71932"}],"curies":[{"name":"wp","href":"https:\/\/api.w.org\/{rel}","templated":true}]}}