{"id":70080,"date":"2017-02-25T04:14:37","date_gmt":"2017-02-25T07:14:37","guid":{"rendered":"http:\/\/diarioregionaljf.com.br\/2017\/02\/25\/dormir-e-a-melhor-meditacao\/"},"modified":"2018-04-16T08:10:38","modified_gmt":"2018-04-16T11:10:38","slug":"dormir-e-a-melhor-meditacao","status":"publish","type":"post","link":"https:\/\/diarioregionaldigital.com.br\/?p=70080","title":{"rendered":"Dormir \u00e9 a melhor medita\u00e7\u00e3o"},"content":{"rendered":"<p>Parece incr&iacute;vel, mas 16 a 40% da popula&ccedil;&atilde;o mundial sofre algum dist&uacute;rbio de sono. Ao contr&aacute;rio do que se diz, n&atilde;o &ldquo;perdemos&rdquo; um ter&ccedil;o de nossas vidas dormindo. Durante o sono, ocorrem importantes processos metab&oacute;licos, fundamentais &agrave; nossa sa&uacute;de e bem-estar. Quando nosso processo sono-vig&iacute;lia se encontra em desequil&iacute;brio, verdadeiras cat&aacute;strofes podem ocorrer a curto, m&eacute;dio ou longo prazo.<\/p>\n<p>Pessoas que dormem menos que o necess&aacute;rio costumam ter menos vigor f&iacute;sico e envelhecer mais precocemente, e est&atilde;o mais propensas a infec&ccedil;&otilde;es e a desenvolver doen&ccedil;as, como obesidade, diabetes e hipertens&atilde;o arterial.<br \/>Ningu&eacute;m &eacute; obrigado a dormir oito horas por dia. Cada um tem sua necessidade de sono: uns dormem mais e outros, menos. Essa varia&ccedil;&atilde;o tamb&eacute;m tem a ver com sexo, idade e posi&ccedil;&atilde;o social. Por exemplo: adultos precisam , em m&eacute;dia, de sete a oito horas de sono di&aacute;rias; crian&ccedil;as, de nove a onze; e beb&ecirc;s, de 16 horas ou mais de sono ao longo do dia.<\/p>\n<p>A maioria das pessoas n&atilde;o conhece sua necessidade de sono nem sabe o quanto &eacute; importante respeitar essa necessidade.<br \/>A priva&ccedil;&atilde;o do sono, a longo prazo, pode comprometer seriamente a sa&uacute;de, pois algumas das fun&ccedil;&otilde;es mais vitais do organismo s&oacute; acontecem enquanto estamos dormindo, como a produ&ccedil;&atilde;o do GH (horm&ocirc;nio do crescimento), cujo n&iacute;vel mais alto de produ&ccedil;&atilde;o acontece durante o sono profundo. O GH ajuda a manter o t&ocirc;nus muscular, evita o ac&uacute;mulo de gordura, melhora o desempenho f&iacute;sico, estimula o sistema imunol&oacute;gico e combate a osteoporose. Em suma, dormir ajuda a emagrecer e a rejuvenecer!<\/p>\n<p>Outro horm&ocirc;nio que entra em a&ccedil;&atilde;o durante o sono profundo &eacute; a melatonina, produzida pela gl&acirc;ndula pineal. Primeiro, ela d&aacute; uma sensa&ccedil;&atilde;o de sonol&ecirc;ncia; depois, reduz os ritmos card&iacute;aco e respirat&oacute;rio, relaxa a musculatura e baixa a temperatura corporal. Ent&atilde;o, a libera&ccedil;&atilde;o do GH e da leptina (horm&ocirc;nio respons&aacute;vel por controlar a sensa&ccedil;&atilde;o de saciedade) atingem seu &aacute;pice, e o cortisol, que induz ao sono profundo, come&ccedil;a a ser liberado e continua sendo at&eacute; o in&iacute;cio da manh&atilde;, quando atinge o seu pico.<\/p>\n<p>Dormir menos que o necess&aacute;rio pode causar diabetes: com a falta de sono, a insulina (horm&ocirc;nio que retira o a&ccedil;&uacute;car do sangue) deixa de ser produzida adequadamente pelo p&acirc;ncreas e, ao mesmo tempo, a libera&ccedil;&atilde;o de cortisol, que tem a&ccedil;&atilde;o contr&aacute;ria &agrave; da insulina e &eacute; relacionado ao estresse, aumenta.<\/p>\n<p>A curto prazo, dormir menos que o necess&aacute;rio pode provocar cansa&ccedil;o, sonol&ecirc;ncia durante o dia, irritabilidade, altera&ccedil;&otilde;es repentinas de humor, perda de mem&oacute;ria de fatos recentes, comprometimento da criatividade, redu&ccedil;&atilde;o da capacidade de planejar e executar, lentid&atilde;o do racioc&iacute;nio, falta de aten&ccedil;&atilde;o e dificuldade de concentra&ccedil;&atilde;o&#8230; Se o desequil&iacute;brio continuar, o quadro tende a se agravar e a pessoa pode entrar em um processo de perda do vigor f&iacute;sico, envelhecimento precoce, diminui&ccedil;&atilde;o do t&ocirc;nus muscular e comprometimento do sistema imunol&oacute;gico, que levam a doen&ccedil;as, como obesidade, diabetes, doen&ccedil;as cardiovasculares e gastrointestinais e perda cr&ocirc;nica da mem&oacute;ria.<\/p>\n<p>Dicas para se ter um sono de qualidade:<br \/>\uf0fc Evite caf&eacute;, ch&aacute;s (principalmente preto e mate, que cont&ecirc;m cafe&iacute;na) e refrigerantes derivados de cola, pois s&atilde;o estimulantes.<br \/>\uf0fc Evite dormir com a televis&atilde;o ligada, pois isso impede que voc&ecirc; chegue &agrave; fase de sono profundo, quando o horm&ocirc;nio do crescimento atinge o seu &aacute;pice de libera&ccedil;&atilde;o.<br \/>\uf0fc Mantenha seu quarto sempre arejado e com boa circula&ccedil;&atilde;o de ar. Quando for se deitar, certifique-se de que est&aacute; bem escuro.<br \/>\uf0fc Invista em um bom colch&atilde;o, adequado ao seu peso e altura, em travesseiros confort&aacute;veis e em len&ccedil;&oacute;is macios, de fibra natural, que permitem a transpira&ccedil;&atilde;o.<br \/>\uf0fc Procure ir se deitar sempre no mesmo hor&aacute;rio, para criar uma rotina saud&aacute;vel.<\/p>\n","protected":false},"excerpt":{"rendered":"<p>Parece incr&iacute;vel, mas 16 a 40% da popula&ccedil;&atilde;o mundial sofre algum dist&uacute;rbio de sono. Ao contr&aacute;rio do que se diz, n&atilde;o &ldquo;perdemos&rdquo; um ter&ccedil;o de nossas vidas dormindo. Durante o sono, ocorrem importantes processos metab&oacute;licos, fundamentais &agrave; nossa sa&uacute;de e bem-estar. Quando nosso processo sono-vig&iacute;lia se encontra em desequil&iacute;brio, verdadeiras cat&aacute;strofes podem ocorrer a curto, [&hellip;]<\/p>\n","protected":false},"author":96,"featured_media":0,"comment_status":"closed","ping_status":"closed","sticky":false,"template":"","format":"standard","meta":{"footnotes":""},"categories":[274],"tags":[],"class_list":["post-70080","post","type-post","status-publish","format-standard","hentry","category-dr-lair-ribeiro"],"_links":{"self":[{"href":"https:\/\/diarioregionaldigital.com.br\/index.php?rest_route=\/wp\/v2\/posts\/70080","targetHints":{"allow":["GET"]}}],"collection":[{"href":"https:\/\/diarioregionaldigital.com.br\/index.php?rest_route=\/wp\/v2\/posts"}],"about":[{"href":"https:\/\/diarioregionaldigital.com.br\/index.php?rest_route=\/wp\/v2\/types\/post"}],"author":[{"embeddable":true,"href":"https:\/\/diarioregionaldigital.com.br\/index.php?rest_route=\/wp\/v2\/users\/96"}],"replies":[{"embeddable":true,"href":"https:\/\/diarioregionaldigital.com.br\/index.php?rest_route=%2Fwp%2Fv2%2Fcomments&post=70080"}],"version-history":[{"count":0,"href":"https:\/\/diarioregionaldigital.com.br\/index.php?rest_route=\/wp\/v2\/posts\/70080\/revisions"}],"wp:attachment":[{"href":"https:\/\/diarioregionaldigital.com.br\/index.php?rest_route=%2Fwp%2Fv2%2Fmedia&parent=70080"}],"wp:term":[{"taxonomy":"category","embeddable":true,"href":"https:\/\/diarioregionaldigital.com.br\/index.php?rest_route=%2Fwp%2Fv2%2Fcategories&post=70080"},{"taxonomy":"post_tag","embeddable":true,"href":"https:\/\/diarioregionaldigital.com.br\/index.php?rest_route=%2Fwp%2Fv2%2Ftags&post=70080"}],"curies":[{"name":"wp","href":"https:\/\/api.w.org\/{rel}","templated":true}]}}