{"id":69831,"date":"2017-02-21T13:52:14","date_gmt":"2017-02-21T16:52:14","guid":{"rendered":"http:\/\/diarioregionaljf.com.br\/2017\/02\/21\/tres-corpos-vitimas-de-homicidio-sao-encontrados-em-clube-no-nautico\/"},"modified":"2017-02-21T13:52:14","modified_gmt":"2017-02-21T16:52:14","slug":"tres-corpos-vitimas-de-homicidio-sao-encontrados-em-clube-no-nautico","status":"publish","type":"post","link":"https:\/\/diarioregionaldigital.com.br\/?p=69831","title":{"rendered":"Corpo de v\u00edtima de homic\u00eddio \u00e9 encontrado em clube no N\u00e1utico"},"content":{"rendered":"<p>Tr&ecirc;s pessoas foram alvejadas por arma de fogo em um clube, localizado no bairro N&aacute;utico, zona Norte, nesse domingo, 19. Segundo informa&ccedil;&otilde;es da Pol&iacute;cia Militar (PM), as v&iacute;timas foram um jovem de 21 anos, encontrado morto com seis perfura&ccedil;&otilde;es; um jovem de 22 anos, ferido na perna direita, e uma terceira v&iacute;tima, de 30 anos, com ferimentos no abd&ocirc;men.<\/p>\n<p>A per&iacute;cia compareceu ao local e encaminhou o corpo da v&iacute;tima de &nbsp;para o Instituto M&eacute;dico Legal (IML). N&atilde;o h&aacute; informa&ccedil;&otilde;es sobre a motiva&ccedil;&atilde;o do crime. A PM fez buscas, mas os suspeitos n&atilde;o foram encontrados.<\/p>\n","protected":false},"excerpt":{"rendered":"<p>Tr&ecirc;s pessoas foram alvejadas por arma de fogo em um clube, localizado no bairro N&aacute;utico, zona Norte, nesse domingo, 19. Segundo informa&ccedil;&otilde;es da Pol&iacute;cia Militar (PM), as v&iacute;timas foram um jovem de 21 anos, encontrado morto com seis perfura&ccedil;&otilde;es; um jovem de 22 anos, ferido na perna direita, e uma terceira v&iacute;tima, de 30 anos, [&hellip;]<\/p>\n","protected":false},"author":96,"featured_media":0,"comment_status":"closed","ping_status":"closed","sticky":false,"template":"","format":"standard","meta":{"footnotes":""},"categories":[253],"tags":[],"class_list":["post-69831","post","type-post","status-publish","format-standard","hentry","category-cidade"],"_links":{"self":[{"href":"https:\/\/diarioregionaldigital.com.br\/index.php?rest_route=\/wp\/v2\/posts\/69831","targetHints":{"allow":["GET"]}}],"collection":[{"href":"https:\/\/diarioregionaldigital.com.br\/index.php?rest_route=\/wp\/v2\/posts"}],"about":[{"href":"https:\/\/diarioregionaldigital.com.br\/index.php?rest_route=\/wp\/v2\/types\/post"}],"author":[{"embeddable":true,"href":"https:\/\/diarioregionaldigital.com.br\/index.php?rest_route=\/wp\/v2\/users\/96"}],"replies":[{"embeddable":true,"href":"https:\/\/diarioregionaldigital.com.br\/index.php?rest_route=%2Fwp%2Fv2%2Fcomments&post=69831"}],"version-history":[{"count":0,"href":"https:\/\/diarioregionaldigital.com.br\/index.php?rest_route=\/wp\/v2\/posts\/69831\/revisions"}],"wp:attachment":[{"href":"https:\/\/diarioregionaldigital.com.br\/index.php?rest_route=%2Fwp%2Fv2%2Fmedia&parent=69831"}],"wp:term":[{"taxonomy":"category","embeddable":true,"href":"https:\/\/diarioregionaldigital.com.br\/index.php?rest_route=%2Fwp%2Fv2%2Fcategories&post=69831"},{"taxonomy":"post_tag","embeddable":true,"href":"https:\/\/diarioregionaldigital.com.br\/index.php?rest_route=%2Fwp%2Fv2%2Ftags&post=69831"}],"curies":[{"name":"wp","href":"https:\/\/api.w.org\/{rel}","templated":true}]}}