{"id":69181,"date":"2017-02-07T01:04:29","date_gmt":"2017-02-07T03:04:29","guid":{"rendered":"http:\/\/diarioregionaljf.com.br\/2017\/02\/07\/uberlandia-e-lider-do-estadual-ao-lado-dos-grandes-da-capital\/"},"modified":"2017-02-07T01:04:29","modified_gmt":"2017-02-07T03:04:29","slug":"uberlandia-e-lider-do-estadual-ao-lado-dos-grandes-da-capital","status":"publish","type":"post","link":"https:\/\/diarioregionaldigital.com.br\/?p=69181","title":{"rendered":"Uberl\u00e2ndia \u00e9 l\u00edder do estadual ao lado dos grandes da capital"},"content":{"rendered":"<p>A 2&ordf; rodada do Mineiro registrou apenas dois empates sem gols. No duelo no Soares de Azevedo, em Muria&eacute;, o Galo de BH venceu o Tombense por 3 a 0 e conquistou sua segunda vit&oacute;ria no Estadual no s&aacute;bado. No primeiro tempo, Danilo Barcelos marcou duas vezes e Otero, na etapa final, fez um gola&ccedil;o para fechar a vit&oacute;ria atleticana.<\/p>\n<p>J&aacute; a Caldense fez o dever de casa, tamb&eacute;m ontem, e superou o Villa Nova por 1 a 0 no Ronald&atilde;o. O resultado suado para a Veterana foi garantido no &uacute;ltimo suspiro de jogo. Aos 53 minutos do segundo tempo, Rafael Estevam marcou o gol da vit&oacute;ria para a equipe de Po&ccedil;os de Caldas.<\/p>\n<p>No domingo, Am&eacute;rica TO e Tupi se enfrentaram no Nassri Mattar, em Te&oacute;filo Otoni, e empataram sem gols, somando seus primeiros pontos no campeonato.<\/p>\n<p>No Parque do Sabi&aacute;, o Uberl&acirc;ndia bateu o Democrata GV por 2 a 0 gra&ccedil;as aos gols de Mauro e Reinaldo, cobrando p&ecirc;nalti, j&aacute; no segundo tempo de jogo e segue como um dos l&iacute;deres.<\/p>\n<p>Enquanto isso, no Mineir&atilde;o, Ram&oacute;n &Aacute;bila foi o nome da vit&oacute;ria celeste por 2 a 1 contra o Tricordiano. O argentino marcou os dois gols da Raposa, o segundo aos 41 da etapa complementar, e garantiu mais tr&ecirc;s pontos para o Cruzeiro. Carrara foi o autor do tento do Galo de Tr&ecirc;s Cora&ccedil;&otilde;es.<\/p>\n<p>Fechando a 2&ordf; rodada, Am&eacute;rica e URT jogaram na Arena Independ&ecirc;ncia, em Belo Horizonte, e tamb&eacute;m n&atilde;o tiraram o zero do placar. As duas equipes somam agora quatro pontos cada.<\/p>\n","protected":false},"excerpt":{"rendered":"<p>A 2&ordf; rodada do Mineiro registrou apenas dois empates sem gols. No duelo no Soares de Azevedo, em Muria&eacute;, o Galo de BH venceu o Tombense por 3 a 0 e conquistou sua segunda vit&oacute;ria no Estadual no s&aacute;bado. No primeiro tempo, Danilo Barcelos marcou duas vezes e Otero, na etapa final, fez um gola&ccedil;o [&hellip;]<\/p>\n","protected":false},"author":96,"featured_media":0,"comment_status":"closed","ping_status":"closed","sticky":false,"template":"","format":"standard","meta":{"footnotes":""},"categories":[257],"tags":[],"class_list":["post-69181","post","type-post","status-publish","format-standard","hentry","category-esporte"],"_links":{"self":[{"href":"https:\/\/diarioregionaldigital.com.br\/index.php?rest_route=\/wp\/v2\/posts\/69181","targetHints":{"allow":["GET"]}}],"collection":[{"href":"https:\/\/diarioregionaldigital.com.br\/index.php?rest_route=\/wp\/v2\/posts"}],"about":[{"href":"https:\/\/diarioregionaldigital.com.br\/index.php?rest_route=\/wp\/v2\/types\/post"}],"author":[{"embeddable":true,"href":"https:\/\/diarioregionaldigital.com.br\/index.php?rest_route=\/wp\/v2\/users\/96"}],"replies":[{"embeddable":true,"href":"https:\/\/diarioregionaldigital.com.br\/index.php?rest_route=%2Fwp%2Fv2%2Fcomments&post=69181"}],"version-history":[{"count":0,"href":"https:\/\/diarioregionaldigital.com.br\/index.php?rest_route=\/wp\/v2\/posts\/69181\/revisions"}],"wp:attachment":[{"href":"https:\/\/diarioregionaldigital.com.br\/index.php?rest_route=%2Fwp%2Fv2%2Fmedia&parent=69181"}],"wp:term":[{"taxonomy":"category","embeddable":true,"href":"https:\/\/diarioregionaldigital.com.br\/index.php?rest_route=%2Fwp%2Fv2%2Fcategories&post=69181"},{"taxonomy":"post_tag","embeddable":true,"href":"https:\/\/diarioregionaldigital.com.br\/index.php?rest_route=%2Fwp%2Fv2%2Ftags&post=69181"}],"curies":[{"name":"wp","href":"https:\/\/api.w.org\/{rel}","templated":true}]}}