{"id":69045,"date":"2017-02-03T21:36:06","date_gmt":"2017-02-03T23:36:06","guid":{"rendered":"http:\/\/diarioregionaljf.com.br\/2017\/02\/03\/numero-de-recuperacoes-judiciais-cai-em-janeiro-de-2017\/"},"modified":"2017-02-03T21:36:06","modified_gmt":"2017-02-03T23:36:06","slug":"numero-de-recuperacoes-judiciais-cai-em-janeiro-de-2017","status":"publish","type":"post","link":"https:\/\/diarioregionaldigital.com.br\/?p=69045","title":{"rendered":"N\u00famero de recupera\u00e7\u00f5es judiciais cai em janeiro de 2017"},"content":{"rendered":"<p>O n&uacute;mero de recupera&ccedil;&otilde;es judiciais registrados pelo Indicador Serasa Experian de Fal&ecirc;ncias e Recupera&ccedil;&otilde;es passaram de 96 em janeiro do ano passado para 82 em janeiro deste ano, o que representa uma queda de 14,6%. A maioria das requisi&ccedil;&otilde;es de recupera&ccedil;&atilde;o judicial foi realizada por micro e pequenas empresas (52), enquanto as m&eacute;dias empresas somaram 18 requerimentos e as grandes companhias, 12.<\/p>\n<p>As recupera&ccedil;&otilde;es judiciais levantadas em janeiro de 2017 s&atilde;o 43,4% inferiores ao n&uacute;mero de dezembro de 2016, quando foram registradas 145 solicita&ccedil;&otilde;es.<\/p>\n<p>De acordo com os economistas da Serasa Experian, o recuo de janeiro para janeiro do n&uacute;mero de pedidos de recupera&ccedil;&otilde;es judiciais pode ser um sinal de que, com as redu&ccedil;&otilde;es da taxa b&aacute;sica de juros e com a expectativa de sa&iacute;da da recess&atilde;o, essa estat&iacute;stica esteja demonstrando seus primeiros sinais de estabiliza&ccedil;&atilde;o, ap&oacute;s ter atingido recorde hist&oacute;rico no ano passado (1.863 pedidos).<\/p>\n<p>J&aacute; o n&uacute;mero de fal&ecirc;ncias requeridas atingiu 92 ocorr&ecirc;ncias em janeiro deste ano, queda de 8,9% em rela&ccedil;&atilde;o a janeiro de 2016, quando 101 requisi&ccedil;&otilde;es foram registradas. Em rela&ccedil;&atilde;o a dezembro, quando os pedidos chegaram a 134, a queda foi de 31,3%. Das 92 fal&ecirc;ncias requeridas em janeiro de 2017, 53 foram de micro e pequenas empresas, 18 foram de empresas m&eacute;dias e 21 de grandes empresas.<\/p>\n<p>Fonte: Ag&ecirc;ncia Brasil<\/p>\n","protected":false},"excerpt":{"rendered":"<p>O n&uacute;mero de recupera&ccedil;&otilde;es judiciais registrados pelo Indicador Serasa Experian de Fal&ecirc;ncias e Recupera&ccedil;&otilde;es passaram de 96 em janeiro do ano passado para 82 em janeiro deste ano, o que representa uma queda de 14,6%. A maioria das requisi&ccedil;&otilde;es de recupera&ccedil;&atilde;o judicial foi realizada por micro e pequenas empresas (52), enquanto as m&eacute;dias empresas somaram [&hellip;]<\/p>\n","protected":false},"author":96,"featured_media":0,"comment_status":"closed","ping_status":"closed","sticky":false,"template":"","format":"standard","meta":{"footnotes":""},"categories":[261],"tags":[],"class_list":["post-69045","post","type-post","status-publish","format-standard","hentry","category-economia"],"_links":{"self":[{"href":"https:\/\/diarioregionaldigital.com.br\/index.php?rest_route=\/wp\/v2\/posts\/69045","targetHints":{"allow":["GET"]}}],"collection":[{"href":"https:\/\/diarioregionaldigital.com.br\/index.php?rest_route=\/wp\/v2\/posts"}],"about":[{"href":"https:\/\/diarioregionaldigital.com.br\/index.php?rest_route=\/wp\/v2\/types\/post"}],"author":[{"embeddable":true,"href":"https:\/\/diarioregionaldigital.com.br\/index.php?rest_route=\/wp\/v2\/users\/96"}],"replies":[{"embeddable":true,"href":"https:\/\/diarioregionaldigital.com.br\/index.php?rest_route=%2Fwp%2Fv2%2Fcomments&post=69045"}],"version-history":[{"count":0,"href":"https:\/\/diarioregionaldigital.com.br\/index.php?rest_route=\/wp\/v2\/posts\/69045\/revisions"}],"wp:attachment":[{"href":"https:\/\/diarioregionaldigital.com.br\/index.php?rest_route=%2Fwp%2Fv2%2Fmedia&parent=69045"}],"wp:term":[{"taxonomy":"category","embeddable":true,"href":"https:\/\/diarioregionaldigital.com.br\/index.php?rest_route=%2Fwp%2Fv2%2Fcategories&post=69045"},{"taxonomy":"post_tag","embeddable":true,"href":"https:\/\/diarioregionaldigital.com.br\/index.php?rest_route=%2Fwp%2Fv2%2Ftags&post=69045"}],"curies":[{"name":"wp","href":"https:\/\/api.w.org\/{rel}","templated":true}]}}