{"id":68978,"date":"2017-02-02T22:38:28","date_gmt":"2017-02-03T00:38:28","guid":{"rendered":"http:\/\/diarioregionaljf.com.br\/2017\/02\/02\/em-que-posicao-voce-se-encontra-agora\/"},"modified":"2018-04-16T08:09:59","modified_gmt":"2018-04-16T11:09:59","slug":"em-que-posicao-voce-se-encontra-agora","status":"publish","type":"post","link":"https:\/\/diarioregionaldigital.com.br\/?p=68978","title":{"rendered":"Em que posi\u00e7\u00e3o voc\u00ea se encontra agora?"},"content":{"rendered":"<p class=\"h3\" style=\"text-align: center;\">Livro &#8211; A Verdade Vol.9<\/p>\n<p style=\"text-align: center;\"><span class=\"h4\">Em que posi&ccedil;&atilde;o voc&ecirc; se encontra agora?<\/span><br \/>O homem &eacute; Filho de Deus. Todo homem &eacute; a suprema auto-realiza&ccedil;&atilde;o de Deus. Deus atribui a cada um de n&oacute;s alguma miss&atilde;o e algum dom. Portanto, se voc&ecirc; est&aacute; insatisfeito com sua atual situa&ccedil;&atilde;o, &eacute; sinal de que voc&ecirc; ainda n&atilde;o est&aacute; na posi&ccedil;&atilde;o certa para o cumprimento de sua miss&atilde;o, ou est&aacute; dirigindo-se para a dire&ccedil;&atilde;o errada. Se a posi&ccedil;&atilde;o em que voc&ecirc; estiver agora &eacute; realmente a que lhe foi designada por Deus, voc&ecirc; se sentir&aacute; preenchido de uma indefin&iacute;vel sensa&ccedil;&atilde;o de felicidade, e, estando com a mente alegre, tranq&uuml;ila e totalmente livre, conseguir&aacute; tra&ccedil;ar planos com grande facilidade, fazer prosperar os seus neg&oacute;cios e aumentar mais e mais o vigor f&iacute;sico; at&eacute; o dinheiro necess&aacute;rio para levar avante o seu<br \/>empreendimento chegar&aacute; &agrave;s suas m&atilde;os naturalmente, e em abund&acirc;ncia. Por&eacute;m, se voc&ecirc; n&atilde;o estiver na posi&ccedil;&atilde;o certa para O cumprimento da miss&atilde;o recebida de Deus, n&atilde;o poder&aacute; experimentar a verdadeira sensa&ccedil;&atilde;o de felicidade, por mais rico que esteja materialmente.<\/p>\n<p style=\"text-align: center;\"><span class=\"h4\">E desnecess&aacute;ria a luta pela sobreviv&ecirc;ncia<\/span><br \/>Deus, sendo o Criador de todas as coisas e sendo um Ser Infinito, criou todos os homens e deu a cada pessoa uma miss&atilde;o diferente. Ele n&atilde;o atribui fun&ccedil;&otilde;es id&ecirc;nticas a v&aacute;rias pessoas, do mesmo modo que n&atilde;o cria dois rostos iguais, nem duas flores exatamente iguais em todos os seus detalhes. Segundo o plano de Deus, n&atilde;o h&aacute; sequer duas pessoas, no mundo inteiro, designadas para realizar a mesma tarefa na mesma posi&ccedil;&atilde;o. Na verdade, n&atilde;o h&aacute; necessidade alguma de diversas pessoas lutarem para ocupar uma determinada posi&ccedil;&atilde;o ou uma vaga dispon&iacute;vel. O plano de Deus &eacute; tal que, se h&aacute; uma vaga, s&oacute; existe uma pessoa destinada para ocupar esse lugar. Se todos compreendessem essa verdade, seria realmente Imposs&iacute;vel que neste mundo ocorressem lutas pela sobreviv&ecirc;ncia, ou que houvesse necessidade de as pessoas brigarem por ci&uacute;mes ou por quest&otilde;es ligadas &agrave; divis&atilde;o de lucros. Se voc&ecirc; n&atilde;o se sente plenamente satisfeito com a sua situa&ccedil;&atilde;o atual, &eacute; porque &#8220;Deus que se aloja no seu interior&#8221; est&aacute; buscando sua posi&ccedil;&atilde;o verdadeira.<\/p>\n<p style=\"text-align: center;\"><span class=\"h4\">A mente &eacute; como uma lente: capta a imagem daquilo que for&nbsp;focalizado<\/span><br \/>Se voc&ecirc; est&aacute; insatisfeito com a sua situa&ccedil;&atilde;o atual, n&atilde;o &eacute;&nbsp;porque Deus n&atilde;o lhe tenha dado as coisas que voc&ecirc; deseja. Ele j&aacute; lhe deu uma &#8220;posi&ccedil;&atilde;o&#8221; que &eacute; somente sua e &eacute; a mais adequada para voc&ecirc;. N&atilde;o deve responsabilizar Deus pela insatisfa&ccedil;&atilde;o que voc&ecirc; sente diante de sua situa&ccedil;&atilde;o atual. No plano do &#8220;Jisso&#8221;. Ele j&aacute; lhe tem dado tudo o que voc&ecirc; necessita. O que acontece &eacute; que este mundo fenom&ecirc;nico &eacute; regido pela &#8220;Lei da manifesta&ccedil;&atilde;o do fen&oacute;meno&#8221;, isto &eacute;, este mundo &eacute; a &#8220;proje&ccedil;&atilde;o da nossa mente&#8221;. Assim sendo, se a sua situa&ccedil;&atilde;o vai mal, n&atilde;o &eacute; porque Deus resolveu castig&aacute;-lo, nem porque Ele precisou &#8220;restringir o fornecimento&#8221;. Tudo depende da &#8220;posi&ccedil;&atilde;o&#8221; de sua mente. Se voc&ecirc; focalizar a sua &#8220;lente mental&#8221; apenas nas imagens de pobreza, ser&atilde;o tamb&eacute;m de &#8220;pobreza&#8221; as cenas que se desenrolar&atilde;o diante de voc&ecirc; no mundo fenom&ecirc;nico. Pro&#8217;curemos sempre focalizar a nossa &#8220;lente mental&#8221; nas imagens de &#8220;total abund&acirc;ncia&#8221;. e certamente ser&atilde;o tamb&eacute;m de &#8220;total abund&aacute;ncia&#8221; as cenas que aparecer&atilde;o a n&oacute;s no mundo tenomenico.<\/p>\n","protected":false},"excerpt":{"rendered":"<p>Livro &#8211; A Verdade Vol.9 Em que posi&ccedil;&atilde;o voc&ecirc; se encontra agora?O homem &eacute; Filho de Deus. Todo homem &eacute; a suprema auto-realiza&ccedil;&atilde;o de Deus. Deus atribui a cada um de n&oacute;s alguma miss&atilde;o e algum dom. Portanto, se voc&ecirc; est&aacute; insatisfeito com sua atual situa&ccedil;&atilde;o, &eacute; sinal de que voc&ecirc; ainda n&atilde;o est&aacute; na [&hellip;]<\/p>\n","protected":false},"author":96,"featured_media":0,"comment_status":"closed","ping_status":"closed","sticky":false,"template":"","format":"standard","meta":{"footnotes":""},"categories":[263],"tags":[],"class_list":["post-68978","post","type-post","status-publish","format-standard","hentry","category-jane-aragao"],"_links":{"self":[{"href":"https:\/\/diarioregionaldigital.com.br\/index.php?rest_route=\/wp\/v2\/posts\/68978","targetHints":{"allow":["GET"]}}],"collection":[{"href":"https:\/\/diarioregionaldigital.com.br\/index.php?rest_route=\/wp\/v2\/posts"}],"about":[{"href":"https:\/\/diarioregionaldigital.com.br\/index.php?rest_route=\/wp\/v2\/types\/post"}],"author":[{"embeddable":true,"href":"https:\/\/diarioregionaldigital.com.br\/index.php?rest_route=\/wp\/v2\/users\/96"}],"replies":[{"embeddable":true,"href":"https:\/\/diarioregionaldigital.com.br\/index.php?rest_route=%2Fwp%2Fv2%2Fcomments&post=68978"}],"version-history":[{"count":0,"href":"https:\/\/diarioregionaldigital.com.br\/index.php?rest_route=\/wp\/v2\/posts\/68978\/revisions"}],"wp:attachment":[{"href":"https:\/\/diarioregionaldigital.com.br\/index.php?rest_route=%2Fwp%2Fv2%2Fmedia&parent=68978"}],"wp:term":[{"taxonomy":"category","embeddable":true,"href":"https:\/\/diarioregionaldigital.com.br\/index.php?rest_route=%2Fwp%2Fv2%2Fcategories&post=68978"},{"taxonomy":"post_tag","embeddable":true,"href":"https:\/\/diarioregionaldigital.com.br\/index.php?rest_route=%2Fwp%2Fv2%2Ftags&post=68978"}],"curies":[{"name":"wp","href":"https:\/\/api.w.org\/{rel}","templated":true}]}}