{"id":68890,"date":"2017-02-01T12:19:48","date_gmt":"2017-02-01T14:19:48","guid":{"rendered":"http:\/\/diarioregionaljf.com.br\/2017\/02\/01\/fiemg-regional-zm-promove-treinamento-sobre-ferramentas-da-qualidade\/"},"modified":"2017-02-01T12:19:48","modified_gmt":"2017-02-01T14:19:48","slug":"fiemg-regional-zm-promove-treinamento-sobre-ferramentas-da-qualidade","status":"publish","type":"post","link":"https:\/\/diarioregionaldigital.com.br\/?p=68890","title":{"rendered":"FIEMG Regional ZM promove treinamento sobre Ferramentas da Qualidade"},"content":{"rendered":"<p>Com o objetivo de apresentar algumas das principais ferramentas de Qualidade dispon\u00edveis e capacitar profissionais para utiliz\u00e1-las, alavancando assim o desempenho das organiza\u00e7\u00f5es e seus processos, o Centro de Treinamentos da FIEMG Regional Zona da Mata promove o curso \u201cFerramentas da Qualidade\u201d, na pr\u00f3xima sexta-feira, dia 03 de fevereiro, das 8h30 \u00e0s 18h.  O treinamento traz uma abordagem din\u00e2mica, para que os participantes se tornem profissionais que fazem a diferen\u00e7a. Ser\u00e3o abordados temas como: Abordagem de processo; Fluxograma; Ciclo PDCA; M\u00e9todo de an\u00e1lise e solu\u00e7\u00e3o de problemas \u2013 MASP; Cinco porqu\u00eas; Diagrama de causa e efeito \u2013 6M; Brainstorming; Matriz CVC \u2013 complexidade, velocidade e custo; Plano de a\u00e7\u00e3o 5W2H; Listas de verifica\u00e7\u00e3o; Kanban; Histograma; An\u00e1lise de Pareto; BSC \u2013 Balanced Scorecard; e Benchmarking.  O instrutor ser\u00e1 Luciano Moreira, especialista em Gest\u00e3o da Qualidade e Gest\u00e3o da Produ\u00e7\u00e3o Industrial, auditor l\u00edder ABNT NBR ISO 9001:2008, professor, instrutor de palestras e treinamentos em todo o Brasil. Os interessados devem se inscrever atrav\u00e9s do e-mail relacoeszm@fiemg.com.br ou pelo telefone (32) 3249-1028. O investimento \u00e9 de R$ 180,00 para associados aos Sindicatos filiados \u00e0 FIEMG e R$ 205,00 para n\u00e3o associados. O curso ser\u00e1 realizado na FIEMG Regional Zona da Mata, localizada na Av. Garcia Rodrigues Paes, 12.395 &#8211; Bairro Industrial \u2013 Juiz de Fora. As vagas s\u00e3o limitadas.   Fonte: Assessoria de Comunica\u00e7\u00e3o FIEMG, Graciele Vianna.    <\/p>\n","protected":false},"excerpt":{"rendered":"<p>Com o objetivo de apresentar algumas das principais ferramentas de Qualidade dispon\u00edveis e capacitar profissionais para utiliz\u00e1-las, alavancando assim o desempenho das organiza\u00e7\u00f5es e seus processos, o Centro de Treinamentos da FIEMG Regional Zona da Mata promove o curso \u201cFerramentas da Qualidade\u201d, na pr\u00f3xima sexta-feira, dia 03 de fevereiro, das 8h30 \u00e0s 18h. O treinamento [&hellip;]<\/p>\n","protected":false},"author":96,"featured_media":68889,"comment_status":"closed","ping_status":"closed","sticky":false,"template":"","format":"standard","meta":{"footnotes":""},"categories":[253],"tags":[],"class_list":["post-68890","post","type-post","status-publish","format-standard","has-post-thumbnail","hentry","category-cidade"],"_links":{"self":[{"href":"https:\/\/diarioregionaldigital.com.br\/index.php?rest_route=\/wp\/v2\/posts\/68890","targetHints":{"allow":["GET"]}}],"collection":[{"href":"https:\/\/diarioregionaldigital.com.br\/index.php?rest_route=\/wp\/v2\/posts"}],"about":[{"href":"https:\/\/diarioregionaldigital.com.br\/index.php?rest_route=\/wp\/v2\/types\/post"}],"author":[{"embeddable":true,"href":"https:\/\/diarioregionaldigital.com.br\/index.php?rest_route=\/wp\/v2\/users\/96"}],"replies":[{"embeddable":true,"href":"https:\/\/diarioregionaldigital.com.br\/index.php?rest_route=%2Fwp%2Fv2%2Fcomments&post=68890"}],"version-history":[{"count":0,"href":"https:\/\/diarioregionaldigital.com.br\/index.php?rest_route=\/wp\/v2\/posts\/68890\/revisions"}],"wp:featuredmedia":[{"embeddable":true,"href":"https:\/\/diarioregionaldigital.com.br\/index.php?rest_route=\/wp\/v2\/media\/68889"}],"wp:attachment":[{"href":"https:\/\/diarioregionaldigital.com.br\/index.php?rest_route=%2Fwp%2Fv2%2Fmedia&parent=68890"}],"wp:term":[{"taxonomy":"category","embeddable":true,"href":"https:\/\/diarioregionaldigital.com.br\/index.php?rest_route=%2Fwp%2Fv2%2Fcategories&post=68890"},{"taxonomy":"post_tag","embeddable":true,"href":"https:\/\/diarioregionaldigital.com.br\/index.php?rest_route=%2Fwp%2Fv2%2Ftags&post=68890"}],"curies":[{"name":"wp","href":"https:\/\/api.w.org\/{rel}","templated":true}]}}