{"id":68475,"date":"2017-01-25T11:20:10","date_gmt":"2017-01-25T13:20:10","guid":{"rendered":"http:\/\/diarioregionaljf.com.br\/2017\/01\/25\/ex-primeira-dama-marisa-leticia-e-internada-com-avc-em-sao-paulo\/"},"modified":"2017-01-25T11:20:10","modified_gmt":"2017-01-25T13:20:10","slug":"ex-primeira-dama-marisa-leticia-e-internada-com-avc-em-sao-paulo","status":"publish","type":"post","link":"https:\/\/diarioregionaldigital.com.br\/?p=68475","title":{"rendered":"Ex-primeira-dama Marisa Let\u00edcia \u00e9 internada com AVC em S\u00e3o Paulo"},"content":{"rendered":"<p>A ex-primeira-dama Marisa Let&iacute;cia Lula da Silva deu entrada por volta das 15h no Hospital S&iacute;rio-Liban&ecirc;s, em S&atilde;o Paulo, ap&oacute;s sofrer um Acidente Cerebral Vascular (AVC). Segundo a assessoria do hospital, a mulher do ex-presidente Luiz In&aacute;cio Lula da Silva est&aacute; na sala de emerg&ecirc;ncia, mas no momento n&atilde;o &eacute; poss&iacute;vel informar detalhes sobre o estado de sa&uacute;de dela.<\/p>\n<p>O Instituto Lula, por meio de sua assessoria de imprensa, confirma a interna&ccedil;&atilde;o, mas diz que n&atilde;o h&aacute; informa&ccedil;&otilde;es sobre o estado de sa&uacute;de da ex-primeira-dama, que tem 66 anos.<\/p>\n<p>Fonte: Ag&ecirc;ncia Brasil<\/p>\n","protected":false},"excerpt":{"rendered":"<p>A ex-primeira-dama Marisa Let&iacute;cia Lula da Silva deu entrada por volta das 15h no Hospital S&iacute;rio-Liban&ecirc;s, em S&atilde;o Paulo, ap&oacute;s sofrer um Acidente Cerebral Vascular (AVC). Segundo a assessoria do hospital, a mulher do ex-presidente Luiz In&aacute;cio Lula da Silva est&aacute; na sala de emerg&ecirc;ncia, mas no momento n&atilde;o &eacute; poss&iacute;vel informar detalhes sobre o [&hellip;]<\/p>\n","protected":false},"author":96,"featured_media":68474,"comment_status":"closed","ping_status":"closed","sticky":false,"template":"","format":"standard","meta":{"footnotes":""},"categories":[252],"tags":[],"class_list":["post-68475","post","type-post","status-publish","format-standard","has-post-thumbnail","hentry","category-regiao"],"_links":{"self":[{"href":"https:\/\/diarioregionaldigital.com.br\/index.php?rest_route=\/wp\/v2\/posts\/68475","targetHints":{"allow":["GET"]}}],"collection":[{"href":"https:\/\/diarioregionaldigital.com.br\/index.php?rest_route=\/wp\/v2\/posts"}],"about":[{"href":"https:\/\/diarioregionaldigital.com.br\/index.php?rest_route=\/wp\/v2\/types\/post"}],"author":[{"embeddable":true,"href":"https:\/\/diarioregionaldigital.com.br\/index.php?rest_route=\/wp\/v2\/users\/96"}],"replies":[{"embeddable":true,"href":"https:\/\/diarioregionaldigital.com.br\/index.php?rest_route=%2Fwp%2Fv2%2Fcomments&post=68475"}],"version-history":[{"count":0,"href":"https:\/\/diarioregionaldigital.com.br\/index.php?rest_route=\/wp\/v2\/posts\/68475\/revisions"}],"wp:featuredmedia":[{"embeddable":true,"href":"https:\/\/diarioregionaldigital.com.br\/index.php?rest_route=\/wp\/v2\/media\/68474"}],"wp:attachment":[{"href":"https:\/\/diarioregionaldigital.com.br\/index.php?rest_route=%2Fwp%2Fv2%2Fmedia&parent=68475"}],"wp:term":[{"taxonomy":"category","embeddable":true,"href":"https:\/\/diarioregionaldigital.com.br\/index.php?rest_route=%2Fwp%2Fv2%2Fcategories&post=68475"},{"taxonomy":"post_tag","embeddable":true,"href":"https:\/\/diarioregionaldigital.com.br\/index.php?rest_route=%2Fwp%2Fv2%2Ftags&post=68475"}],"curies":[{"name":"wp","href":"https:\/\/api.w.org\/{rel}","templated":true}]}}