{"id":68471,"date":"2017-01-25T01:39:26","date_gmt":"2017-01-25T03:39:26","guid":{"rendered":"http:\/\/diarioregionaljf.com.br\/2017\/01\/25\/america-to-tera-onibus-de-um-milhao-de-reais-para-conduzir-seu-elenco\/"},"modified":"2017-01-25T01:39:26","modified_gmt":"2017-01-25T03:39:26","slug":"america-to-tera-onibus-de-um-milhao-de-reais-para-conduzir-seu-elenco","status":"publish","type":"post","link":"https:\/\/diarioregionaldigital.com.br\/?p=68471","title":{"rendered":"Am\u00e9rica-TO ter\u00e1 \u00f4nibus de um milh\u00e3o de reais para conduzir seu elenco"},"content":{"rendered":"<p>O Am&eacute;rica de Te&oacute;filo Otoni apresenta &agrave; imprensa, nessa quarta-feira, em sua sede, um &ocirc;nibus que vale mais de R$1.000,000,00 (um milh&atilde;o de reais). O ve&iacute;culo conduzir&aacute; o elenco do clube em todo o territ&oacute;rio de Minas Gerais durante o campeonato mineiro da primeira divis&atilde;o de 2017.<\/p>\n<p>&Ocirc;nibus leito Turismo &eacute; novo e conta com 44 Lugares, configurados para atender a equipe de jogadores em viagens curtas ou longas, com total conforto aos atletas, Vis&atilde;o Panor&acirc;mica, vidros antirru&iacute;dos escurecidos, ar condicional digital, seis monitores de TV, som Ambiente, Wi-Fi, geladeira, toaletes, mantas, cobertores e travesseiros, dois Motoristas que ficar&atilde;o &agrave; disposi&ccedil;&atilde;o exclusiva do elenco, durante todo o Campeonato.<\/p>\n<p>O projeto idealizado &eacute; executado pelo parceiro da equipe, o Agente Fifa, Max Vianna, que tornou poss&iacute;vel colocar um ve&iacute;culo novo, Plotado com as marcas do Clube e dos seus parceiros, com os investimentos necess&aacute;rios. Apesar das dificuldades financeiras, a diretoria do Am&eacute;rica de Te&oacute;filo Otoni e o Agente de Futebol Parceiro, Max Vianna, se dizem tranquilos e felizes em poder proporcionar a seu elenco de jogadores, todos os confortos necess&aacute;rios e importantes a uma grande equipe de futebol.<\/p>\n<p>&ldquo;Temos que oferecer aos atletas um conforto maior nas viagens que o Am&eacute;rica ir&aacute; realizar e a utiliza&ccedil;&atilde;o do &ocirc;nibus j&aacute; come&ccedil;a na estreia da equipe no pr&oacute;ximo s&aacute;bado dia 28 diante do Atl&eacute;tico, no Independ&ecirc;ncia&rdquo;, disse Max Vianna.<\/p>\n<p>A equipe do Am&eacute;rica de Te&oacute;filo Otoni voltou &agrave; elite do Mineiro ap&oacute;s conquistar o vice-campeonato do M&oacute;dulo II de 2016 e sua estreia est&aacute; marcada para pr&oacute;ximo s&aacute;bado &agrave;s 17h, na Arena Independ&ecirc;ncia, diante do atual vice-campe&atilde;o mineiro, Atl&eacute;tico. (AFI).<\/p>\n","protected":false},"excerpt":{"rendered":"<p>O Am&eacute;rica de Te&oacute;filo Otoni apresenta &agrave; imprensa, nessa quarta-feira, em sua sede, um &ocirc;nibus que vale mais de R$1.000,000,00 (um milh&atilde;o de reais). O ve&iacute;culo conduzir&aacute; o elenco do clube em todo o territ&oacute;rio de Minas Gerais durante o campeonato mineiro da primeira divis&atilde;o de 2017. &Ocirc;nibus leito Turismo &eacute; novo e conta com [&hellip;]<\/p>\n","protected":false},"author":96,"featured_media":68470,"comment_status":"closed","ping_status":"closed","sticky":false,"template":"","format":"standard","meta":{"footnotes":""},"categories":[257],"tags":[],"class_list":["post-68471","post","type-post","status-publish","format-standard","has-post-thumbnail","hentry","category-esporte"],"_links":{"self":[{"href":"https:\/\/diarioregionaldigital.com.br\/index.php?rest_route=\/wp\/v2\/posts\/68471","targetHints":{"allow":["GET"]}}],"collection":[{"href":"https:\/\/diarioregionaldigital.com.br\/index.php?rest_route=\/wp\/v2\/posts"}],"about":[{"href":"https:\/\/diarioregionaldigital.com.br\/index.php?rest_route=\/wp\/v2\/types\/post"}],"author":[{"embeddable":true,"href":"https:\/\/diarioregionaldigital.com.br\/index.php?rest_route=\/wp\/v2\/users\/96"}],"replies":[{"embeddable":true,"href":"https:\/\/diarioregionaldigital.com.br\/index.php?rest_route=%2Fwp%2Fv2%2Fcomments&post=68471"}],"version-history":[{"count":0,"href":"https:\/\/diarioregionaldigital.com.br\/index.php?rest_route=\/wp\/v2\/posts\/68471\/revisions"}],"wp:featuredmedia":[{"embeddable":true,"href":"https:\/\/diarioregionaldigital.com.br\/index.php?rest_route=\/wp\/v2\/media\/68470"}],"wp:attachment":[{"href":"https:\/\/diarioregionaldigital.com.br\/index.php?rest_route=%2Fwp%2Fv2%2Fmedia&parent=68471"}],"wp:term":[{"taxonomy":"category","embeddable":true,"href":"https:\/\/diarioregionaldigital.com.br\/index.php?rest_route=%2Fwp%2Fv2%2Fcategories&post=68471"},{"taxonomy":"post_tag","embeddable":true,"href":"https:\/\/diarioregionaldigital.com.br\/index.php?rest_route=%2Fwp%2Fv2%2Ftags&post=68471"}],"curies":[{"name":"wp","href":"https:\/\/api.w.org\/{rel}","templated":true}]}}