{"id":68348,"date":"2017-01-23T23:19:27","date_gmt":"2017-01-24T01:19:27","guid":{"rendered":"http:\/\/diarioregionaljf.com.br\/2017\/01\/23\/trump-determina-saida-dos-eua-de-acordo-comercial-com-paises-do-pacifico\/"},"modified":"2017-01-23T23:19:27","modified_gmt":"2017-01-24T01:19:27","slug":"trump-determina-saida-dos-eua-de-acordo-comercial-com-paises-do-pacifico","status":"publish","type":"post","link":"https:\/\/diarioregionaldigital.com.br\/?p=68348","title":{"rendered":"Trump determina sa\u00edda dos EUA de acordo comercial com pa\u00edses do Pac\u00edfico"},"content":{"rendered":"<p>O presidente Donald Trump cancelou, nessa segunda-feira, 23, por meio de decreto, a participa&ccedil;&atilde;o dos Estados Unidos do Tratado Transpac&iacute;fico de Com&eacute;rcio Livre (TPP, sigla em ingl&ecirc;s), o mais importante acordo internacional assinado pelo ex-presidente Barack Obama, destinado a estabelecer novas bases para as rela&ccedil;&otilde;es comerciais e econ&ocirc;micas de 12 pa&iacute;ses do Oceano Pac&iacute;fico, reduzindo tarifas e estimulando o com&eacute;rcio para impulsionar o crescimento.<\/p>\n<p>Os pa&iacute;ses signat&aacute;rios s&atilde;o: Austr&aacute;lia, Brunei, Canad&aacute;, Chile, Jap&atilde;o, Mal&aacute;sia, M&eacute;xico, Nova Zel&acirc;ndia, Peru, Cingapura, Estados Unidos e Vietn&atilde;. Com a medida, Trump come&ccedil;a &ndash; j&aacute; no primeiro dia &uacute;til de seu mandato, ap&oacute;s tomar posse sexta-feira, 20 &#8211; a reconfigurar o papel dos Estados Unidos na economia global.<\/p>\n<p>Essa &eacute; a segunda vez que o novo presidente &ndash; ou parlamentares do Partido Republicano &ndash; invalida uma heran&ccedil;a deixada por Obama. A primeira foi o cancelamento do Obamacare, um programa de sa&uacute;de aprovado pelo ex-presidente para estender atendimento m&eacute;dico a toda popula&ccedil;&atilde;o americana. Esse legado deixado pelo ex-presidente come&ccedil;ou a ser desmontado antes mesmo de Trump tomar posse, por iniciativa de congressistas republicanos.<\/p>\n<p>Durante a campanha, o presidente Trump j&aacute; havia anunciado que iria abandonar formalmente a Parceria Transpac&iacute;fico, por considerar o acordo ruim para os trabalhadores americanos. A parceria ainda n&atilde;o tinha sido aprovada pelo Congresso americano e agora, com a sa&iacute;da dos Estados Unidos, o acordo praticamente se inviabiliza, j&aacute; que a parceria tinha como pressuposto o mercado americano. O posicionamento dos Estados Unidos no mercado global vai obrigar os pa&iacute;ses que t&ecirc;m com&eacute;rcio forte com o mercado americano a reavaliar suas estrat&eacute;gias.<\/p>\n<p>A administra&ccedil;&atilde;o Obama negociou arduamente o pacto comercial do Pac&iacute;fico durante oito anos. A parceria foi finalmente assinada pelos chefes de estado dos 12 pa&iacute;ses em 12 de outubro de 2015. Obama, por&eacute;m, nunca levou a proposta ao Congresso americano, com receio de que o pacto fosse rejeitado. Na &eacute;poca, Obama entendeu que uma derrota no Congresso seria pior do que deixar o acordo estagnado sem aprova&ccedil;&atilde;o.<\/p>\n<h4>REDIRECIONAMENTO<\/h4>\n<p>A sa&iacute;da dos Estados Unidos da parceria com os pa&iacute;ses do Pac&iacute;fico representa uma invers&atilde;o na tend&ecirc;ncia de d&eacute;cadas de pol&iacute;tica econ&ocirc;mica internacional &ndash; executadas tanto por governos democratas quanto por republicano &ndash; de reduzir as barreiras comerciais e expandir o com&eacute;rcio em todo o mundo. Embora os candidatos muitas vezes tenham criticado acordos comerciais na campanha, aqueles que chegaram &agrave; Casa Branca, incluindo o presidente Barack Obama, acabaram ampliando o alcance dessas rela&ccedil;&otilde;es.<\/p>\n<p>&#8220;Estamos falando sobre isso h&aacute; muito tempo&#8221;, disse Trump, ao assinar o decreto formalizando a sa&iacute;da dos Estados Unidos do TPP. Para ele, a retirada do pacto comercial &eacute; &#8220;uma grande coisa para o trabalhador americano&#8221;.<\/p>\n<p>Assessores de Trump afirmam que o novo presidente pretende avan&ccedil;ar rapidamente na renegocia&ccedil;&atilde;o do Acordo de Livre Com&eacute;rcio da Am&eacute;rica do Norte (Nafta). A negocia&ccedil;&atilde;o do Nafta come&ccedil;ou na gest&atilde;o do presidente George Bush e o acordo foi levado ao Congresso pelo presidente Bill Clinton. Trump ter&aacute; encontros com os mandat&aacute;rios do Canad&aacute; e do M&eacute;xico, os dois principais parceiros do Nafta.<\/p>\n<p>O acordo tem sido um dos principais motores do com&eacute;rcio americano h&aacute; quase duas d&eacute;cadas, mas h&aacute; algum tempo tem sido questionado por, supostamente, diminuir a oferta de emprego e reduzir os sal&aacute;rios do trabalhador norte-americano.<\/p>\n<p>Fonte: Ag&ecirc;ncia Brasil<\/p>\n","protected":false},"excerpt":{"rendered":"<p>O presidente Donald Trump cancelou, nessa segunda-feira, 23, por meio de decreto, a participa&ccedil;&atilde;o dos Estados Unidos do Tratado Transpac&iacute;fico de Com&eacute;rcio Livre (TPP, sigla em ingl&ecirc;s), o mais importante acordo internacional assinado pelo ex-presidente Barack Obama, destinado a estabelecer novas bases para as rela&ccedil;&otilde;es comerciais e econ&ocirc;micas de 12 pa&iacute;ses do Oceano Pac&iacute;fico, reduzindo [&hellip;]<\/p>\n","protected":false},"author":96,"featured_media":68347,"comment_status":"closed","ping_status":"closed","sticky":false,"template":"","format":"standard","meta":{"footnotes":""},"categories":[252],"tags":[],"class_list":["post-68348","post","type-post","status-publish","format-standard","has-post-thumbnail","hentry","category-regiao"],"_links":{"self":[{"href":"https:\/\/diarioregionaldigital.com.br\/index.php?rest_route=\/wp\/v2\/posts\/68348","targetHints":{"allow":["GET"]}}],"collection":[{"href":"https:\/\/diarioregionaldigital.com.br\/index.php?rest_route=\/wp\/v2\/posts"}],"about":[{"href":"https:\/\/diarioregionaldigital.com.br\/index.php?rest_route=\/wp\/v2\/types\/post"}],"author":[{"embeddable":true,"href":"https:\/\/diarioregionaldigital.com.br\/index.php?rest_route=\/wp\/v2\/users\/96"}],"replies":[{"embeddable":true,"href":"https:\/\/diarioregionaldigital.com.br\/index.php?rest_route=%2Fwp%2Fv2%2Fcomments&post=68348"}],"version-history":[{"count":0,"href":"https:\/\/diarioregionaldigital.com.br\/index.php?rest_route=\/wp\/v2\/posts\/68348\/revisions"}],"wp:featuredmedia":[{"embeddable":true,"href":"https:\/\/diarioregionaldigital.com.br\/index.php?rest_route=\/wp\/v2\/media\/68347"}],"wp:attachment":[{"href":"https:\/\/diarioregionaldigital.com.br\/index.php?rest_route=%2Fwp%2Fv2%2Fmedia&parent=68348"}],"wp:term":[{"taxonomy":"category","embeddable":true,"href":"https:\/\/diarioregionaldigital.com.br\/index.php?rest_route=%2Fwp%2Fv2%2Fcategories&post=68348"},{"taxonomy":"post_tag","embeddable":true,"href":"https:\/\/diarioregionaldigital.com.br\/index.php?rest_route=%2Fwp%2Fv2%2Ftags&post=68348"}],"curies":[{"name":"wp","href":"https:\/\/api.w.org\/{rel}","templated":true}]}}