{"id":68302,"date":"2017-01-23T12:46:35","date_gmt":"2017-01-23T14:46:35","guid":{"rendered":"http:\/\/diarioregionaljf.com.br\/2017\/01\/23\/cemig-comunica-desligamento-para-manutencao-na-rede-eletrica-na-cidade\/"},"modified":"2017-01-23T12:46:35","modified_gmt":"2017-01-23T14:46:35","slug":"cemig-comunica-desligamento-para-manutencao-na-rede-eletrica-na-cidade","status":"publish","type":"post","link":"https:\/\/diarioregionaldigital.com.br\/?p=68302","title":{"rendered":"Cemig comunica desligamento para manuten\u00e7\u00e3o na rede el\u00e9trica em Juiz de Fora"},"content":{"rendered":"<p>A Companhia Energ&eacute;tica de Minas Gerais &ndash; Cemig informa que nesta ter&ccedil;a (24\/1) e quarta-feira (25\/1) realizar&aacute; servi&ccedil;os de troca de cabos de energia el&eacute;trica de M&eacute;dia Tens&atilde;o e instala&ccedil;&atilde;o de novos equipamentos, para melhoria na qualidade do fornecimento de energia em um investimento de 916 mil reais. Para executar esta atividade com seguran&ccedil;a, ser&aacute; necess&aacute;rio interromper o fornecimento de energia, nos seguintes hor&aacute;rios e endere&ccedil;os:<\/p>\n<p><strong>JUIZ DE FORA<\/strong><br \/>Data: 24\/1\/2017<br \/>Hor&aacute;rio: 10h &agrave;s 16h<br \/>N&uacute;mero de clientes afetados: 474 clientes<\/p>\n<p><strong>Nos seguintes endere&ccedil;os:<\/strong><br \/>RUA DO SAMPAIO Entre n&uacute;meros 78 e 87, GRANBERY<br \/>RUA BARAO DE SANTA HELENA Entre n&uacute;meros 12 e 367, GRANBERY<br \/>RUA ANTONIO DIAS Entre n&uacute;meros 650 e 741, GRANBERY<br \/>AVENIDA CARUSO Entre n&uacute;meros 2 e 16, CENTRO<br \/>RUA ESPIRITO SANTO Entre n&uacute;meros 699 e 801, CENTRO<br \/>RUA ANTONIO DIAS Entre n&uacute;meros 570 e 998, CENTRO<br \/>RUA BATISTA DE OLIVEIRA Entre n&uacute;meros 887 e 1061, CENTRO<\/p>\n<p><strong>JUIZ DE FORA<\/strong><br \/>Data: 25\/1\/2017<br \/>Hor&aacute;rio: 10h &agrave;s 16h<br \/>N&uacute;mero de clientes afetados: 252 clientes<\/p>\n<p><strong>Nos seguintes endere&ccedil;os:<\/strong><br \/>RUA BATISTA DE OLIVEIRA Entre n&uacute;meros 1067 e 1242, CENTRO<br \/>RUA DO SAMPAIO Entre n&uacute;meros 1 e 309, GRANBERY<\/p>\n<p>Esclarecemos que, em fun&ccedil;&atilde;o da complexidade dos servi&ccedil;os a serem executados, poder&aacute; ocorrer atraso no hor&aacute;rio previsto ou cancelamento deste desligamento sem aviso pr&eacute;vio. Por medida de seguran&ccedil;a, todos os equipamentos devem ser considerados energizados durante o per&iacute;odo mencionado. Caso os servi&ccedil;os de melhoria sejam conclu&iacute;dos antes do hor&aacute;rio indicado, o fornecimento de energia el&eacute;trica ser&aacute; restabelecido.<\/p>\n<p>Fonte: Assessoria Cemig<\/p>\n","protected":false},"excerpt":{"rendered":"<p>A Companhia Energ&eacute;tica de Minas Gerais &ndash; Cemig informa que nesta ter&ccedil;a (24\/1) e quarta-feira (25\/1) realizar&aacute; servi&ccedil;os de troca de cabos de energia el&eacute;trica de M&eacute;dia Tens&atilde;o e instala&ccedil;&atilde;o de novos equipamentos, para melhoria na qualidade do fornecimento de energia em um investimento de 916 mil reais. Para executar esta atividade com seguran&ccedil;a, ser&aacute; [&hellip;]<\/p>\n","protected":false},"author":96,"featured_media":0,"comment_status":"closed","ping_status":"closed","sticky":false,"template":"","format":"standard","meta":{"footnotes":""},"categories":[253],"tags":[],"class_list":["post-68302","post","type-post","status-publish","format-standard","hentry","category-cidade"],"_links":{"self":[{"href":"https:\/\/diarioregionaldigital.com.br\/index.php?rest_route=\/wp\/v2\/posts\/68302","targetHints":{"allow":["GET"]}}],"collection":[{"href":"https:\/\/diarioregionaldigital.com.br\/index.php?rest_route=\/wp\/v2\/posts"}],"about":[{"href":"https:\/\/diarioregionaldigital.com.br\/index.php?rest_route=\/wp\/v2\/types\/post"}],"author":[{"embeddable":true,"href":"https:\/\/diarioregionaldigital.com.br\/index.php?rest_route=\/wp\/v2\/users\/96"}],"replies":[{"embeddable":true,"href":"https:\/\/diarioregionaldigital.com.br\/index.php?rest_route=%2Fwp%2Fv2%2Fcomments&post=68302"}],"version-history":[{"count":0,"href":"https:\/\/diarioregionaldigital.com.br\/index.php?rest_route=\/wp\/v2\/posts\/68302\/revisions"}],"wp:attachment":[{"href":"https:\/\/diarioregionaldigital.com.br\/index.php?rest_route=%2Fwp%2Fv2%2Fmedia&parent=68302"}],"wp:term":[{"taxonomy":"category","embeddable":true,"href":"https:\/\/diarioregionaldigital.com.br\/index.php?rest_route=%2Fwp%2Fv2%2Fcategories&post=68302"},{"taxonomy":"post_tag","embeddable":true,"href":"https:\/\/diarioregionaldigital.com.br\/index.php?rest_route=%2Fwp%2Fv2%2Ftags&post=68302"}],"curies":[{"name":"wp","href":"https:\/\/api.w.org\/{rel}","templated":true}]}}