{"id":67989,"date":"2017-01-18T00:37:48","date_gmt":"2017-01-18T02:37:48","guid":{"rendered":"http:\/\/diarioregionaljf.com.br\/2017\/01\/18\/catolicos-celebram-dia-de-sao-sebastiao-nesta-quinta\/"},"modified":"2017-01-18T00:37:48","modified_gmt":"2017-01-18T02:37:48","slug":"catolicos-celebram-dia-de-sao-sebastiao-nesta-quinta","status":"publish","type":"post","link":"https:\/\/diarioregionaldigital.com.br\/?p=67989","title":{"rendered":"Cat\u00f3licos celebram dia de S\u00e3o Sebasti\u00e3o nesta quinta"},"content":{"rendered":"<p>No dia 20 de janeiro, fieis da Igreja Cat&oacute;lica celebram S&atilde;o Sebasti&atilde;o, m&aacute;rtir conhecido como o defensor da f&eacute; crist&atilde;. &ldquo;S&atilde;o Sebasti&atilde;o foi um soldado romano que viveu entre os anos 256 e 288 ou 289, n&atilde;o se sabe o ano certo de seu mart&iacute;rio&rdquo;, esclareceu o Padre Vanderlei Santos de Sousa, administrador da Par&oacute;quia Nossa Senhora do Perp&eacute;tuo Socorro, na qual Capela S&atilde;o Sebasti&atilde;o pertence.<\/p>\n<p>S&atilde;o Sebasti&atilde;o tem origem francesa e prestou servi&ccedil;o ao ex&eacute;rcito romano como guarda imperial na &eacute;poca do Imperador Diocleciano. &ldquo;Durante esse per&iacute;odo, os crist&atilde;os eram perseguidos e n&atilde;o podiam professar a sua f&eacute;. Mesmo com a proibi&ccedil;&atilde;o, S&atilde;o Sebasti&atilde;o levava aos prisioneiros uma mensagem crist&atilde; de esperan&ccedil;a&rdquo;, contou.<\/p>\n<p>Ele foi denunciado e levado ao imperador. &ldquo;O imperador exigiu que ele prestasse culto aos deuses romanos, mas ele recusou, por isso foi sentenciado. Sua senten&ccedil;a foi ser amarrado em uma &aacute;rvore e ser flechado at&eacute; a morte&rdquo;, falou. S&atilde;o Sebasti&atilde;o n&atilde;o morreu e uma mulher crist&atilde; lhe ajudou na recupera&ccedil;&atilde;o.<\/p>\n<p>&ldquo;Depois de recuperado, ele retornou ao imperador e reafirmou a sua f&eacute; crist&atilde; publicamente, e assim foi condenado a morte por espancamento&rdquo;, disse. S&atilde;o Sebasti&atilde;o &eacute; intercessor contra as doen&ccedil;as, pestes e calamidades em geral. &ldquo;Por estar inserido nesse per&iacute;odo de grandes m&aacute;rtires da f&eacute; crist&atilde;, foi canonizado no calend&aacute;rio crist&atilde;o devido sua fidelidade&rdquo;, acrescentou.<\/p>\n<p>Atualmente, o local de seu sepultamento &eacute; conhecido como Catacumbas de S&atilde;o Sebasti&atilde;o, em Roma. &ldquo;L&aacute; os primeiros crist&atilde;os celebravam a Eucaristia de maneira clandestina, j&aacute; que n&atilde;o podiam fazer o culto em p&uacute;blico&rdquo;, frisou o padre ao explicar que os locais escolhidos para as cerim&ocirc;nias crist&atilde;s eram onde os m&aacute;rtires estavam enterrados.<\/p>\n<p>As comemora&ccedil;&otilde;es na par&oacute;quia tiveram in&iacute;cio no dia 11 com novenas e ben&ccedil;&atilde;o. As comemora&ccedil;&otilde;es se encerram no dia 20. &Agrave;s 6h haver&aacute; Celebra&ccedil;&atilde;o Eucar&iacute;stica e um caf&eacute; da manh&atilde; compartilhado, ao meio dia acontece o ter&ccedil;o e &agrave;s 19h, prociss&atilde;o e missa.<\/p>\n<h4>CONFIRA A PROGRAMA&Ccedil;&Atilde;O:<\/h4>\n<p>&#8211; Igreja de S&atilde;o Sebasti&atilde;o &#8211; Pra&ccedil;a Hermenegildo Vila&ccedil;a, s\/n&ordm; &#8211; Entre as Ruas Halfeld e Marechal, Centro<\/p>\n<p>&bull; At&eacute; 19 de janeiro &ndash; Novena<\/p>\n<p>&bull; Dia 18 de janeiro &ndash; Quarta-feira &ndash; Dia dos profissionais e trabalhadores em &aacute;rea de Educa&ccedil;&atilde;o<br \/>7h30 e 19h &ndash; Missa e Novena<br \/>*Haver&aacute; funcionamento de barracas &agrave; noite<\/p>\n<p>&bull; Dia 19 de janeiro &ndash; Quinta-feira &ndash; Dia dos profissionais da Sa&uacute;de<br \/>7h30 e 19h &ndash; Missa e Novena<br \/>*Haver&aacute; funcionamento de barracas &agrave; noite<\/p>\n<p>&bull; Dia 20 de janeiro &ndash; Sexta-feira &ndash; Dia de S&atilde;o Sebasti&atilde;o<br \/>7h30, 9h30, 12h, 14h, 16h e 18h30 &ndash; Missas<br \/>*Ap&oacute;s a missa das 18h30, haver&aacute; prociss&atilde;o pelas ruas do Centro<br \/>**Haver&aacute; funcionamento de barracas durante todo o dia<\/p>\n<p>&#8211; Par&oacute;quia S&atilde;o Sebasti&atilde;o &#8211; Av. Presidente Juscelino Kubitscheck, 10.578 &#8211; Barreira do Triunfo<\/p>\n<p>&bull; At&eacute; 21 de janeiro &#8211; Novena<\/p>\n<p>&bull; Dia 18 de janeiro &ndash; Quarta-feira<br \/>19h30 &ndash; Missa na Matriz<\/p>\n<p>&bull; Dia 20 de janeiro &ndash; Sexta-feira &ndash; Dia de S&atilde;o Sebasti&atilde;o<br \/>19h30 &ndash; Missa na Matriz, seguida de prociss&atilde;o<\/p>\n<p>&bull; Dia 22 de janeiro &ndash; Domingo<br \/>8h &ndash; Missa na Matriz<br \/>12h &ndash; Almo&ccedil;o, em seguida Festival de pr&ecirc;mios<\/p>\n<p>&#8211; Capela S&atilde;o Sebasti&atilde;o &ndash; Rua Henrique Pimenta Brasiel, 277 &#8211; Jardim Esperan&ccedil;a<\/p>\n<p>&bull; At&eacute; 19 de janeiro &#8211; Novena<\/p>\n<p>&bull; Dia 20 de janeiro &ndash; Sexta-feira &ndash; Dia de S&atilde;o Sebasti&atilde;o<br \/>6h &ndash; Missa com caf&eacute; partilhado<br \/>12h &ndash; Ter&ccedil;o na igreja<br \/>19h &ndash; Prociss&atilde;o seguida de Missa festiva<\/p>\n","protected":false},"excerpt":{"rendered":"<p>No dia 20 de janeiro, fieis da Igreja Cat&oacute;lica celebram S&atilde;o Sebasti&atilde;o, m&aacute;rtir conhecido como o defensor da f&eacute; crist&atilde;. &ldquo;S&atilde;o Sebasti&atilde;o foi um soldado romano que viveu entre os anos 256 e 288 ou 289, n&atilde;o se sabe o ano certo de seu mart&iacute;rio&rdquo;, esclareceu o Padre Vanderlei Santos de Sousa, administrador da Par&oacute;quia [&hellip;]<\/p>\n","protected":false},"author":96,"featured_media":67988,"comment_status":"closed","ping_status":"closed","sticky":false,"template":"","format":"standard","meta":{"footnotes":""},"categories":[253],"tags":[],"class_list":["post-67989","post","type-post","status-publish","format-standard","has-post-thumbnail","hentry","category-cidade"],"_links":{"self":[{"href":"https:\/\/diarioregionaldigital.com.br\/index.php?rest_route=\/wp\/v2\/posts\/67989","targetHints":{"allow":["GET"]}}],"collection":[{"href":"https:\/\/diarioregionaldigital.com.br\/index.php?rest_route=\/wp\/v2\/posts"}],"about":[{"href":"https:\/\/diarioregionaldigital.com.br\/index.php?rest_route=\/wp\/v2\/types\/post"}],"author":[{"embeddable":true,"href":"https:\/\/diarioregionaldigital.com.br\/index.php?rest_route=\/wp\/v2\/users\/96"}],"replies":[{"embeddable":true,"href":"https:\/\/diarioregionaldigital.com.br\/index.php?rest_route=%2Fwp%2Fv2%2Fcomments&post=67989"}],"version-history":[{"count":0,"href":"https:\/\/diarioregionaldigital.com.br\/index.php?rest_route=\/wp\/v2\/posts\/67989\/revisions"}],"wp:featuredmedia":[{"embeddable":true,"href":"https:\/\/diarioregionaldigital.com.br\/index.php?rest_route=\/wp\/v2\/media\/67988"}],"wp:attachment":[{"href":"https:\/\/diarioregionaldigital.com.br\/index.php?rest_route=%2Fwp%2Fv2%2Fmedia&parent=67989"}],"wp:term":[{"taxonomy":"category","embeddable":true,"href":"https:\/\/diarioregionaldigital.com.br\/index.php?rest_route=%2Fwp%2Fv2%2Fcategories&post=67989"},{"taxonomy":"post_tag","embeddable":true,"href":"https:\/\/diarioregionaldigital.com.br\/index.php?rest_route=%2Fwp%2Fv2%2Ftags&post=67989"}],"curies":[{"name":"wp","href":"https:\/\/api.w.org\/{rel}","templated":true}]}}