{"id":67743,"date":"2017-01-13T21:06:10","date_gmt":"2017-01-13T23:06:10","guid":{"rendered":"http:\/\/diarioregionaljf.com.br\/2017\/01\/13\/comissao-discute-propostas-para-regioes-rurais-sem-energia-eletrica\/"},"modified":"2017-01-13T21:06:10","modified_gmt":"2017-01-13T23:06:10","slug":"comissao-discute-propostas-para-regioes-rurais-sem-energia-eletrica","status":"publish","type":"post","link":"https:\/\/diarioregionaldigital.com.br\/?p=67743","title":{"rendered":"Comiss\u00e3o discute propostas para regi\u00f5es rurais sem energia el\u00e9trica"},"content":{"rendered":"<p>Buscar uma solu&ccedil;&atilde;o para liga&ccedil;&atilde;o de energia el&eacute;trica nas &aacute;reas rurais da cidade como Dias Tavares, Ribeir&atilde;o do Carmo e Humait&aacute;, entre outras, que seguem sem ilumina&ccedil;&atilde;o h&aacute; mais de dez anos. Esta foi &agrave; principal pauta da Comiss&atilde;o Especial de Eletrifica&ccedil;&atilde;o Rural que se reuniu na tarde dessa quinta-feira, 12, com os seus novos membros: Vagner de Oliveira (PSC), Sargento Mello Casal (PTC) Kenneddy (PMDB) e Marlon Siqueira (PMDB). O 2&ordm; vice-presidente da C&acirc;mara, vereador Z&eacute; M&aacute;rcio (PV), tamb&eacute;m participou do encontro por ter conhecimento nesta &aacute;rea, dando orienta&ccedil;&otilde;es e fazendo encaminhamentos.<\/p>\n<p>Vagner de Oliveira informou aos novos pares o andamento do trabalho realizado pela comiss&atilde;o em 2016. Z&eacute; M&aacute;rcio informou que a revis&atilde;o do Plano Diretor chegou &agrave; C&acirc;mara no final do ano passado e que ele deve contemplar uma proposta de remarca&ccedil;&atilde;o do per&iacute;metro urbano. Dessa forma, as regi&otilde;es, que hoje s&atilde;o rurais, passariam a ser consideradas urbanas. Contudo, este trabalho de revis&atilde;o do Plano, e depois a fase de coloc&aacute;-lo em pr&aacute;tica, pode levar um tempo maior. Ent&atilde;o, a ideia de Vagner e Z&eacute; M&aacute;rcio, aprovado pelos demais vereadores da comiss&atilde;o, &eacute; percorrer um caminho paralelo, mais r&aacute;pido e que vai ao encontro do pr&oacute;prio Plano Diretor: cria&ccedil;&atilde;o de uma lei espec&iacute;fica para que essas regi&otilde;es sejam consideradas parte do per&iacute;metro urbano.<\/p>\n<p>Contudo, esta lei s&oacute; pode ser apresentada pelo Executivo. Na pr&oacute;xima segunda-feira, 16, &agrave;s 9h, na sala Asa Delta, aproveitando a reuni&atilde;o j&aacute; agendada com os secret&aacute;rios municipais de Desenvolvimento Econ&ocirc;mico e Turismo, de Planejamento e Gest&atilde;o, al&eacute;m do Procurador Geral do Munic&iacute;pio para discutir a quest&atilde;o de telefonia na Zona Rural, tamb&eacute;m ser&aacute; debatida a necessidade de cria&ccedil;&atilde;o desta Lei espec&iacute;fica para eletrifica&ccedil;&atilde;o rural.<\/p>\n<p>Fonte: Assessoria\/CMJF<\/p>\n","protected":false},"excerpt":{"rendered":"<p>Buscar uma solu&ccedil;&atilde;o para liga&ccedil;&atilde;o de energia el&eacute;trica nas &aacute;reas rurais da cidade como Dias Tavares, Ribeir&atilde;o do Carmo e Humait&aacute;, entre outras, que seguem sem ilumina&ccedil;&atilde;o h&aacute; mais de dez anos. Esta foi &agrave; principal pauta da Comiss&atilde;o Especial de Eletrifica&ccedil;&atilde;o Rural que se reuniu na tarde dessa quinta-feira, 12, com os seus novos [&hellip;]<\/p>\n","protected":false},"author":96,"featured_media":0,"comment_status":"closed","ping_status":"closed","sticky":false,"template":"","format":"standard","meta":{"footnotes":""},"categories":[254],"tags":[],"class_list":["post-67743","post","type-post","status-publish","format-standard","hentry","category-politica"],"_links":{"self":[{"href":"https:\/\/diarioregionaldigital.com.br\/index.php?rest_route=\/wp\/v2\/posts\/67743","targetHints":{"allow":["GET"]}}],"collection":[{"href":"https:\/\/diarioregionaldigital.com.br\/index.php?rest_route=\/wp\/v2\/posts"}],"about":[{"href":"https:\/\/diarioregionaldigital.com.br\/index.php?rest_route=\/wp\/v2\/types\/post"}],"author":[{"embeddable":true,"href":"https:\/\/diarioregionaldigital.com.br\/index.php?rest_route=\/wp\/v2\/users\/96"}],"replies":[{"embeddable":true,"href":"https:\/\/diarioregionaldigital.com.br\/index.php?rest_route=%2Fwp%2Fv2%2Fcomments&post=67743"}],"version-history":[{"count":0,"href":"https:\/\/diarioregionaldigital.com.br\/index.php?rest_route=\/wp\/v2\/posts\/67743\/revisions"}],"wp:attachment":[{"href":"https:\/\/diarioregionaldigital.com.br\/index.php?rest_route=%2Fwp%2Fv2%2Fmedia&parent=67743"}],"wp:term":[{"taxonomy":"category","embeddable":true,"href":"https:\/\/diarioregionaldigital.com.br\/index.php?rest_route=%2Fwp%2Fv2%2Fcategories&post=67743"},{"taxonomy":"post_tag","embeddable":true,"href":"https:\/\/diarioregionaldigital.com.br\/index.php?rest_route=%2Fwp%2Fv2%2Ftags&post=67743"}],"curies":[{"name":"wp","href":"https:\/\/api.w.org\/{rel}","templated":true}]}}