{"id":67680,"date":"2017-01-12T23:54:39","date_gmt":"2017-01-13T01:54:39","guid":{"rendered":"http:\/\/diarioregionaljf.com.br\/2017\/01\/12\/tupynambas-tera-um-mes-de-preparacao-para-a-estreia-no-modulo-ii\/"},"modified":"2017-01-12T23:54:39","modified_gmt":"2017-01-13T01:54:39","slug":"tupynambas-tera-um-mes-de-preparacao-para-a-estreia-no-modulo-ii","status":"publish","type":"post","link":"https:\/\/diarioregionaldigital.com.br\/?p=67680","title":{"rendered":"Tupynamb\u00e1s ter\u00e1 um m\u00eas de prepara\u00e7\u00e3o para a estreia no M\u00f3dulo II"},"content":{"rendered":"<p>O Departamento de Futebol do Tupynamb&aacute;s, em conjunto com a Cl&iacute;nica CEM (Centro de Especialidades M&eacute;dicas), definiu que a apresenta&ccedil;&atilde;o do elenco do Le&atilde;o do Po&ccedil;o Rico visando o Campeonato Mineiro do M&oacute;dulo II acontecer&aacute; no pr&oacute;ximo dia 19 de janeiro, quinta-feira.<\/p>\n<p>Os dias 19 e 20 deste m&ecirc;s ser&atilde;o reservados para os exames diversos, como eletrocardiograma, ecocardiograma, hemograma completo, al&eacute;m de outros exames laboratoriais. Tudo isso foi planejado visando o bem-estar e seguran&ccedil;a dos atletas que vestir&atilde;o a camisa do Le&atilde;o do Po&ccedil;o Rico.<\/p>\n<p>O planejamento da comiss&atilde;o t&eacute;cnica do clube, em conjunto com o Diretor Executivo, Alberto Sim&atilde;o, &eacute; de que a parte dos atletas j&aacute; se apresente ao clube entre os dias 19 e 20 para iniciar a prepara&ccedil;&atilde;o visando a estreia no M&oacute;dulo II.<\/p>\n<p>No pr&oacute;prio dia 19, a partir das 15h, atletas e comiss&atilde;o t&eacute;cnica j&aacute; estar&atilde;o &agrave; disposi&ccedil;&atilde;o da imprensa para conceder entrevistas, na sede social do clube, no Po&ccedil;o Rico. Conforme j&aacute; foi noticiado, toda a pr&eacute;-temporada da equipe ser&aacute; realizada em Juiz de Fora, utilizando as excelentes instala&ccedil;&otilde;es do clube, al&eacute;m de uma academia parceira.<\/p>\n<p>O elenco ter&aacute; um m&ecirc;s de trabalho visando a estreia, que acontece dia 19 de fevereiro, diante do Social, em Juiz de Fora. Na segunda rodada, o Le&atilde;o do Po&ccedil;o Rico folga, voltando a campo na quarta-feira, 1&ordm; de mar&ccedil;o, diante do Betinense, em Sete Lagoas. (Assessoria Tupynamb&aacute;s)<\/p>\n","protected":false},"excerpt":{"rendered":"<p>O Departamento de Futebol do Tupynamb&aacute;s, em conjunto com a Cl&iacute;nica CEM (Centro de Especialidades M&eacute;dicas), definiu que a apresenta&ccedil;&atilde;o do elenco do Le&atilde;o do Po&ccedil;o Rico visando o Campeonato Mineiro do M&oacute;dulo II acontecer&aacute; no pr&oacute;ximo dia 19 de janeiro, quinta-feira. Os dias 19 e 20 deste m&ecirc;s ser&atilde;o reservados para os exames diversos, [&hellip;]<\/p>\n","protected":false},"author":96,"featured_media":67679,"comment_status":"closed","ping_status":"closed","sticky":false,"template":"","format":"standard","meta":{"footnotes":""},"categories":[257],"tags":[],"class_list":["post-67680","post","type-post","status-publish","format-standard","has-post-thumbnail","hentry","category-esporte"],"_links":{"self":[{"href":"https:\/\/diarioregionaldigital.com.br\/index.php?rest_route=\/wp\/v2\/posts\/67680","targetHints":{"allow":["GET"]}}],"collection":[{"href":"https:\/\/diarioregionaldigital.com.br\/index.php?rest_route=\/wp\/v2\/posts"}],"about":[{"href":"https:\/\/diarioregionaldigital.com.br\/index.php?rest_route=\/wp\/v2\/types\/post"}],"author":[{"embeddable":true,"href":"https:\/\/diarioregionaldigital.com.br\/index.php?rest_route=\/wp\/v2\/users\/96"}],"replies":[{"embeddable":true,"href":"https:\/\/diarioregionaldigital.com.br\/index.php?rest_route=%2Fwp%2Fv2%2Fcomments&post=67680"}],"version-history":[{"count":0,"href":"https:\/\/diarioregionaldigital.com.br\/index.php?rest_route=\/wp\/v2\/posts\/67680\/revisions"}],"wp:featuredmedia":[{"embeddable":true,"href":"https:\/\/diarioregionaldigital.com.br\/index.php?rest_route=\/wp\/v2\/media\/67679"}],"wp:attachment":[{"href":"https:\/\/diarioregionaldigital.com.br\/index.php?rest_route=%2Fwp%2Fv2%2Fmedia&parent=67680"}],"wp:term":[{"taxonomy":"category","embeddable":true,"href":"https:\/\/diarioregionaldigital.com.br\/index.php?rest_route=%2Fwp%2Fv2%2Fcategories&post=67680"},{"taxonomy":"post_tag","embeddable":true,"href":"https:\/\/diarioregionaldigital.com.br\/index.php?rest_route=%2Fwp%2Fv2%2Ftags&post=67680"}],"curies":[{"name":"wp","href":"https:\/\/api.w.org\/{rel}","templated":true}]}}