{"id":67585,"date":"2017-01-11T22:46:01","date_gmt":"2017-01-12T00:46:01","guid":{"rendered":"http:\/\/diarioregionaljf.com.br\/2017\/01\/11\/bernardinho-deixa-a-selecao-de-volei-depois-de-16-anos-e-renan-dal-zotto-assume-desafio\/"},"modified":"2017-01-11T22:46:01","modified_gmt":"2017-01-12T00:46:01","slug":"bernardinho-deixa-a-selecao-de-volei-depois-de-16-anos-e-renan-dal-zotto-assume-desafio","status":"publish","type":"post","link":"https:\/\/diarioregionaldigital.com.br\/?p=67585","title":{"rendered":"Bernardinho deixa a sele\u00e7\u00e3o de v\u00f4lei depois de 16 anos e Renan Dal Zotto assume desafio"},"content":{"rendered":"<p>Chegou ao fim a &#8220;era Bernardinho&#8221; na sele&ccedil;&atilde;o brasileira de v&ocirc;lei. Depois de quase 16 anos a frente do comando do time, o treinador anunciou nesta quarta-feira,11,que deixar&aacute; a equipe. O motivo principal foi a press&atilde;o da fam&iacute;lia, que pedia que ele tivesse mais tempo para descansar.<\/p>\n<p>Bernadinho tamb&eacute;m comanda o Rio de Janeiro na Superliga feminina, o que o faz trabalhar quase que todos os meses do ano.<\/p>\n<p><strong>RENAN ASSUME<\/strong><br \/>Seu substituto ser&aacute; Renan Dal Zotto, que, assim como Bernardinho, foi membro da gera&ccedil;&atilde;o que conquistou a medalha de prata nos Jogos Ol&iacute;mpicos de 1984, em Los Angeles.<\/p>\n<p>O per&iacute;odo de Bernardinho no comando da sele&ccedil;&atilde;o foi simplesmente incr&iacute;vel. Por&eacute;m ele seguir&aacute; como uma esp&eacute;cie de consultor da sele&ccedil;&atilde;o masculina.<br \/> Ap&oacute;s pegar uma sele&ccedil;&atilde;o desacreditada, que havia ca&iacute;do na Olimp&iacute;ada de 2000 ainda nas quartas de final para a Argentina, Bernardinho construiu uma das maiores hegemonias da hist&oacute;ria do esporte.Foram 28 t&iacute;tulos relevantes, com direito a tr&ecirc;s Mundiais, duas Copas do Mundo e duas Olimp&iacute;adas, a &uacute;ltima delas no ano passado, em solo brasileiro, no Rio de Janeiro.<\/p>\n<p><strong>HIST&Oacute;RIA<\/strong><br \/>Bernardinho foi contratado para o lugar de Radam&eacute;s Latari ainda em 2000, mas s&oacute; estreou no come&ccedil;o do ano seguinte. Em 4 de maio, venceu a Noruega em um amistoso. No dia 11, venceu a Holanda na abertura da Liga Mundial. E, pouco tempo, no fim de junho daquele ano, foi campe&atilde;o do torneio em cima da ent&atilde;o poderosa It&aacute;lia.<\/p>\n<p>O t&iacute;tulo logo em seu primeiro torneio deu todas as mostras do que estava por vir. A sele&ccedil;&atilde;o que s&oacute; tinha uma Liga Mundial hoje tem nove e &eacute; a maior campe&atilde; do torneio. O time que nunca havia ganhado o Mundial nem a Copa do Mundo acabou sendo campe&atilde;o, tr&ecirc;s vezes de um e duas do outro. E o pa&iacute;s que s&oacute; sabia o que era ter uma &lsquo;gera&ccedil;&atilde;o de prata&#8217; levou dois ouros ol&iacute;mpicos.<\/p>\n<p>Bernardinho foi gigante n&atilde;o s&oacute; dentro de quadra. Fora delas, acabou sendo a cara de um projeto que transformou o v&ocirc;lei em um dos esportes mais populares do Brasil. O pa&iacute;s se transformou em fonte quase inesgot&aacute;vel de talento e j&aacute; come&ccedil;a seu quinto ciclo ol&iacute;mpico, com praticamente cinco gera&ccedil;&otilde;es diferente, atuando no mais alto n&iacute;vel.<\/p>\n<p>O curioso &eacute; que Bernardinho agora faz o caminho oposto. Se em 2000 resolveu deixar o Rexona para assumir a sele&ccedil;&atilde;o masculina, agora ele deixa a sele&ccedil;&atilde;o para seguir no comando do Rexona. Um detalhe: neste meio-tempo, o time deixou o Paran&aacute; e foi para o Rio de Janeiro. Mas, sob a batuta do treinador, nunca deixou de ser uma pot&ecirc;ncia. (Fonte: Espn\/Uol)<\/p>\n<p><img loading=\"lazy\" decoding=\"async\" class=\" size-full wp-image-67584\" src=\"http:\/\/diarioregionaljf.com.br\/wp-content\/uploads\/2017\/01\/diario-int-12469-1.jpg\" alt=\"bernardinho \" title=\"Bernardinho deixa a sele&ccedil;&atilde;o.     Foto: Site Melhor do V&ocirc;lei\" width=\"680\" height=\"450\" srcset=\"https:\/\/diarioregionaldigital.com.br\/wp-content\/uploads\/2017\/01\/diario-int-12469-1.jpg 680w, https:\/\/diarioregionaldigital.com.br\/wp-content\/uploads\/2017\/01\/diario-int-12469-1-300x199.jpg 300w, https:\/\/diarioregionaldigital.com.br\/wp-content\/uploads\/2017\/01\/diario-int-12469-1-360x238.jpg 360w\" sizes=\"auto, (max-width: 680px) 100vw, 680px\" \/><\/p>\n","protected":false},"excerpt":{"rendered":"<p>Chegou ao fim a &#8220;era Bernardinho&#8221; na sele&ccedil;&atilde;o brasileira de v&ocirc;lei. Depois de quase 16 anos a frente do comando do time, o treinador anunciou nesta quarta-feira,11,que deixar&aacute; a equipe. O motivo principal foi a press&atilde;o da fam&iacute;lia, que pedia que ele tivesse mais tempo para descansar. Bernadinho tamb&eacute;m comanda o Rio de Janeiro na [&hellip;]<\/p>\n","protected":false},"author":96,"featured_media":67583,"comment_status":"closed","ping_status":"closed","sticky":false,"template":"","format":"standard","meta":{"footnotes":""},"categories":[257],"tags":[],"class_list":["post-67585","post","type-post","status-publish","format-standard","has-post-thumbnail","hentry","category-esporte"],"_links":{"self":[{"href":"https:\/\/diarioregionaldigital.com.br\/index.php?rest_route=\/wp\/v2\/posts\/67585","targetHints":{"allow":["GET"]}}],"collection":[{"href":"https:\/\/diarioregionaldigital.com.br\/index.php?rest_route=\/wp\/v2\/posts"}],"about":[{"href":"https:\/\/diarioregionaldigital.com.br\/index.php?rest_route=\/wp\/v2\/types\/post"}],"author":[{"embeddable":true,"href":"https:\/\/diarioregionaldigital.com.br\/index.php?rest_route=\/wp\/v2\/users\/96"}],"replies":[{"embeddable":true,"href":"https:\/\/diarioregionaldigital.com.br\/index.php?rest_route=%2Fwp%2Fv2%2Fcomments&post=67585"}],"version-history":[{"count":0,"href":"https:\/\/diarioregionaldigital.com.br\/index.php?rest_route=\/wp\/v2\/posts\/67585\/revisions"}],"wp:featuredmedia":[{"embeddable":true,"href":"https:\/\/diarioregionaldigital.com.br\/index.php?rest_route=\/wp\/v2\/media\/67583"}],"wp:attachment":[{"href":"https:\/\/diarioregionaldigital.com.br\/index.php?rest_route=%2Fwp%2Fv2%2Fmedia&parent=67585"}],"wp:term":[{"taxonomy":"category","embeddable":true,"href":"https:\/\/diarioregionaldigital.com.br\/index.php?rest_route=%2Fwp%2Fv2%2Fcategories&post=67585"},{"taxonomy":"post_tag","embeddable":true,"href":"https:\/\/diarioregionaldigital.com.br\/index.php?rest_route=%2Fwp%2Fv2%2Ftags&post=67585"}],"curies":[{"name":"wp","href":"https:\/\/api.w.org\/{rel}","templated":true}]}}