{"id":67530,"date":"2017-01-11T13:54:38","date_gmt":"2017-01-11T15:54:38","guid":{"rendered":"http:\/\/diarioregionaljf.com.br\/2017\/01\/11\/vagas-para-contratacao-no-hospital-regional-joao-penido-estao-abertas\/"},"modified":"2017-01-11T13:54:38","modified_gmt":"2017-01-11T15:54:38","slug":"vagas-para-contratacao-no-hospital-regional-joao-penido-estao-abertas","status":"publish","type":"post","link":"https:\/\/diarioregionaldigital.com.br\/?p=67530","title":{"rendered":"Vagas para contrata\u00e7\u00e3o no Hospital Regional Jo\u00e3o Penido est\u00e3o abertas"},"content":{"rendered":"<p>Foram abertas nessa segunda-feira, 9, as inscri&ccedil;&otilde;es para o processo seletivo da Fhemig para atua&ccedil;&atilde;o no Hospital Regional Jo&atilde;o Penido. Est&atilde;o abertas vagas nas fun&ccedil;&otilde;es de T&eacute;cnico de Enfermagem e Enfermeiro Obstetra, e forma&ccedil;&atilde;o de quadro de cadastro de reserva para a fun&ccedil;&atilde;o de Enfermeiro. O prazo para as inscri&ccedil;&otilde;es segue at&eacute; as 17h do dia 15 de janeiro e podem ser realizadas no site da Fhemig.<\/p>\n","protected":false},"excerpt":{"rendered":"<p>Foram abertas nessa segunda-feira, 9, as inscri&ccedil;&otilde;es para o processo seletivo da Fhemig para atua&ccedil;&atilde;o no Hospital Regional Jo&atilde;o Penido. Est&atilde;o abertas vagas nas fun&ccedil;&otilde;es de T&eacute;cnico de Enfermagem e Enfermeiro Obstetra, e forma&ccedil;&atilde;o de quadro de cadastro de reserva para a fun&ccedil;&atilde;o de Enfermeiro. O prazo para as inscri&ccedil;&otilde;es segue at&eacute; as 17h do [&hellip;]<\/p>\n","protected":false},"author":96,"featured_media":67529,"comment_status":"closed","ping_status":"closed","sticky":false,"template":"","format":"standard","meta":{"footnotes":""},"categories":[253],"tags":[],"class_list":["post-67530","post","type-post","status-publish","format-standard","has-post-thumbnail","hentry","category-cidade"],"_links":{"self":[{"href":"https:\/\/diarioregionaldigital.com.br\/index.php?rest_route=\/wp\/v2\/posts\/67530","targetHints":{"allow":["GET"]}}],"collection":[{"href":"https:\/\/diarioregionaldigital.com.br\/index.php?rest_route=\/wp\/v2\/posts"}],"about":[{"href":"https:\/\/diarioregionaldigital.com.br\/index.php?rest_route=\/wp\/v2\/types\/post"}],"author":[{"embeddable":true,"href":"https:\/\/diarioregionaldigital.com.br\/index.php?rest_route=\/wp\/v2\/users\/96"}],"replies":[{"embeddable":true,"href":"https:\/\/diarioregionaldigital.com.br\/index.php?rest_route=%2Fwp%2Fv2%2Fcomments&post=67530"}],"version-history":[{"count":0,"href":"https:\/\/diarioregionaldigital.com.br\/index.php?rest_route=\/wp\/v2\/posts\/67530\/revisions"}],"wp:featuredmedia":[{"embeddable":true,"href":"https:\/\/diarioregionaldigital.com.br\/index.php?rest_route=\/wp\/v2\/media\/67529"}],"wp:attachment":[{"href":"https:\/\/diarioregionaldigital.com.br\/index.php?rest_route=%2Fwp%2Fv2%2Fmedia&parent=67530"}],"wp:term":[{"taxonomy":"category","embeddable":true,"href":"https:\/\/diarioregionaldigital.com.br\/index.php?rest_route=%2Fwp%2Fv2%2Fcategories&post=67530"},{"taxonomy":"post_tag","embeddable":true,"href":"https:\/\/diarioregionaldigital.com.br\/index.php?rest_route=%2Fwp%2Fv2%2Ftags&post=67530"}],"curies":[{"name":"wp","href":"https:\/\/api.w.org\/{rel}","templated":true}]}}