{"id":67527,"date":"2017-01-11T12:19:57","date_gmt":"2017-01-11T14:19:57","guid":{"rendered":"http:\/\/diarioregionaljf.com.br\/2017\/01\/11\/bombeiros-ressaltam-importancia-da-regularizacao-do-projeto-de-seguranca-contra-incendio-e-panico\/"},"modified":"2017-01-11T12:19:57","modified_gmt":"2017-01-11T14:19:57","slug":"bombeiros-ressaltam-importancia-da-regularizacao-do-projeto-de-seguranca-contra-incendio-e-panico","status":"publish","type":"post","link":"https:\/\/diarioregionaldigital.com.br\/?p=67527","title":{"rendered":"Bombeiros ressaltam import\u00e2ncia da regulariza\u00e7\u00e3o do Projeto de Seguran\u00e7a Contra Inc\u00eandio e P\u00e2nico"},"content":{"rendered":"<p>Espa&ccedil;os de uso coletivo necessitam da implanta&ccedil;&atilde;o de processos de seguran&ccedil;a contra inc&ecirc;ndio. Por isso, respons&aacute;veis e propriet&aacute;rios de edifica&ccedil;&otilde;es com fins comerciais e\/ou industriais, de pr&eacute;dios com apartamentos residenciais e de &aacute;reas de risco, devem estar atentos quanto aos cuidados e normas vigentes para a seguran&ccedil;a e preven&ccedil;&atilde;o de poss&iacute;veis casos de inc&ecirc;ndio.<\/p>\n<p>&Eacute; o alerta que o Corpo de Bombeiros Militar de Minas Gerais (CBMMG) faz ressaltando, ainda, a import&acirc;ncia da regulamenta&ccedil;&atilde;o do Projeto de Seguran&ccedil;a Contra Inc&ecirc;ndio e P&acirc;nico nestes espa&ccedil;os. O projeto &eacute; a reuni&atilde;o de toda a documenta&ccedil;&atilde;o necess&aacute;ria para que uma edifica&ccedil;&atilde;o ou &aacute;rea de risco possa ter o Auto de Vistoria (AVCB) do CBMMG emitido pela corpora&ccedil;&atilde;o.<\/p>\n<p>Em Alfenas, uma panela com &oacute;leo se incendiou em um pr&eacute;dio residencial ap&oacute;s ser deixada sobre o fog&atilde;o com o fogo ainda aceso. Atendendo aos pedidos de ajuda que ouviu de uma moradora, o porteiro Luiz David pegou o extintor PQS (P&oacute; Qu&iacute;mico Seco) e combateu as chamas. Segundo ele, o pr&eacute;dio possui o AVCB regularizado e o local passou por uma vistoria do CBMMG h&aacute; um m&ecirc;s. Todos os extintores estavam carregados e prontos para o uso.<\/p>\n<p>&ldquo;Assim que ela me chamou, peguei o extintor da minha sala e fui. O fogo estava bem alto pois ela havia jogado &aacute;gua. Eu n&atilde;o tenho muito conhecimento, mas li as observa&ccedil;&otilde;es no r&oacute;tulo do extintor e com duas pressionadas o fogo apagou. Foi muito r&aacute;pido&rdquo;, conta Luiz. Satisfeito por conseguir ajudar, Luiz recebeu agradecimentos e mais orienta&ccedil;&otilde;es da guarni&ccedil;&atilde;o dos bombeiros.<\/p>\n<p>As normas e exig&ecirc;ncias dos projetos variam de acordo com a ocupa&ccedil;&atilde;o do local que pode ser definida como escolas, farm&aacute;cias e edif&iacute;cios residenciais ou comerciais, por exemplo. A dimens&atilde;o dos espa&ccedil;os tamb&eacute;m &eacute; uma vari&aacute;vel que influencia, uma vez que s&atilde;o considerados o tipo da ocupa&ccedil;&atilde;o, a &aacute;rea e altura. Os tipos de ocupa&ccedil;&atilde;o est&atilde;o definidos no Decreto 46.595\/2014, que pode ser consultado aqui.<\/p>\n<p>&ldquo;O objetivo de quem pleiteia um projeto &eacute; obter o AVCB. Casas s&atilde;o consideradas edifica&ccedil;&otilde;es unifamiliares e n&atilde;o necessitam de projeto&rdquo;, explica o tenente Rocha, da Diretoria de Atividades T&eacute;cnicas do CBMMG.<\/p>\n<p><strong>Tipos de projetos<\/strong><\/p>\n<p>Ainda de acordo com o tenente, o auto &eacute; concedido para tr&ecirc;s tipos de projetos que possuem caracter&iacute;sticas diferentes: Projeto T&eacute;cnico (PT), Projeto T&eacute;cnico Simplificado (PTS) e Projeto para Evento Tempor&aacute;rio (PET).<\/p>\n<p>O Projeto T&eacute;cnico &eacute; recomendado para edifica&ccedil;&otilde;es mais complexas, com &aacute;rea m&iacute;nima de 750m&sup2; ou que exija a utiliza&ccedil;&atilde;o de sistema hidr&aacute;ulico. &Eacute; recomendado tamb&eacute;m para edifica&ccedil;&otilde;es que n&atilde;o possuem 750m&sup2; de &aacute;rea, mas que recebem um p&uacute;blico superior a 100 pessoas. Este tipo de projeto requer uma an&aacute;lise pr&eacute;via por parte do CBMMG, sendo necess&aacute;rios 30 dias corridos para an&aacute;lise.<\/p>\n<p>As exig&ecirc;ncias m&iacute;nimas do Projeto T&eacute;cnico Simplificado s&atilde;o: sa&iacute;da de emerg&ecirc;ncia, ilumina&ccedil;&atilde;o, sinaliza&ccedil;&atilde;o de emerg&ecirc;ncia (placas que sinalizam rota de fuga, por exemplo) e extintores. N&atilde;o &eacute; necess&aacute;ria a an&aacute;lise pr&eacute;via do CBMMG.<\/p>\n<p>Ap&oacute;s a realiza&ccedil;&atilde;o da vistoria e a emiss&atilde;o do auto, o AVCB tem um prazo de 5 anos de validade para edifica&ccedil;&otilde;es diversas e de 3 anos para locais de reuni&atilde;o de p&uacute;blico. A n&atilde;o execu&ccedil;&atilde;o do projeto pode acarretar notifica&ccedil;&otilde;es, advert&ecirc;ncias, multas e chegar at&eacute; mesmo a interdi&ccedil;&atilde;o do local.<\/p>\n<p>Festas e eventos necessitam do Projeto para Evento Tempor&aacute;rio. Neste caso, o organizador dever&aacute; contratar um respons&aacute;vel t&eacute;cnico que ir&aacute; projetar as medidas de seguran&ccedil;a. As normas e exig&ecirc;ncias est&atilde;o dispostas na Instru&ccedil;&atilde;o T&eacute;cnica N&ordm; 33. O PET tamb&eacute;m exige uma an&aacute;lise pr&eacute;via do CBMMG e possui prioridade por se tratar de eventos. Contudo, deve ser protocolado at&eacute; 10 dias &uacute;teis antes do evento. O AVCB para o PET vale enquanto durar o evento.<\/p>\n<p>&ldquo;O auto de vistoria deve ficar afixado na portaria. Se n&atilde;o estiver l&aacute;, &eacute; poss&iacute;vel que o empreendimento n&atilde;o possua o AVCB&rdquo;, ressalta o tenente Rocha. Em caso de d&uacute;vidas, o respons&aacute;vel com empreendimento na capital mineira deve se dirigir ao Centro de Atividades T&eacute;cnicas (CAT), localizado &agrave; Avenida Augusto de Lima, n&ordm; 355, Centro. Na Regi&atilde;o Metropolitana, os respons&aacute;veis devem procurar a unidade do CBMMG.<\/p>\n<p>Para AVCB, concedido ap&oacute;s 2014, a consulta pode ser realizada pelo endere&ccedil;o www.prevencaobombeiros.mg.gov.br.<\/p>\n<p><strong>Taxa de Inc&ecirc;ndio<\/strong><\/p>\n<p>Devem pagar o tributo os contribuintes que utilizam edifica&ccedil;&otilde;es para exercer atividades de com&eacute;rcio, ind&uacute;stria e presta&ccedil;&atilde;o de servi&ccedil;os em Belo Horizonte e outros 88 munic&iacute;pios de Minas Gerais &#8211; a lista est&aacute; dispon&iacute;vel no Anexo I da Resolu&ccedil;&atilde;o 4.764\/2015.<\/p>\n<p>O valor devido varia de acordo com o grau de risco de inc&ecirc;ndio na edifica&ccedil;&atilde;o, em raz&atilde;o da forma de ocupa&ccedil;&atilde;o e da &aacute;rea constru&iacute;da. A n&atilde;o quita&ccedil;&atilde;o do d&eacute;bito na data estipulada pode resultar na cobran&ccedil;a de multa e juros, emiss&atilde;o de auto de infra&ccedil;&atilde;o, inscri&ccedil;&atilde;o do d&eacute;bito em d&iacute;vida ativa e inclus&atilde;o do devedor no Cadastro Informativo de Inadimpl&ecirc;ncia em Rela&ccedil;&atilde;o &agrave; Administra&ccedil;&atilde;o P&uacute;blica (CADIN\/MG), al&eacute;m de cobran&ccedil;a judicial.<\/p>\n<p><strong>Uso de extintores<\/strong><\/p>\n<p>Extintores devem ser utilizados apenas em casos de in&iacute;cio de inc&ecirc;ndios. &Eacute; importante observar os tipos de extintores a serem utilizados por tipos de inc&ecirc;ndios.<\/p>\n<p>Fonte: Ag&ecirc;ncia Minas<\/p>\n","protected":false},"excerpt":{"rendered":"<p>Espa&ccedil;os de uso coletivo necessitam da implanta&ccedil;&atilde;o de processos de seguran&ccedil;a contra inc&ecirc;ndio. Por isso, respons&aacute;veis e propriet&aacute;rios de edifica&ccedil;&otilde;es com fins comerciais e\/ou industriais, de pr&eacute;dios com apartamentos residenciais e de &aacute;reas de risco, devem estar atentos quanto aos cuidados e normas vigentes para a seguran&ccedil;a e preven&ccedil;&atilde;o de poss&iacute;veis casos de inc&ecirc;ndio. &Eacute; [&hellip;]<\/p>\n","protected":false},"author":96,"featured_media":67526,"comment_status":"closed","ping_status":"closed","sticky":false,"template":"","format":"standard","meta":{"footnotes":""},"categories":[253],"tags":[],"class_list":["post-67527","post","type-post","status-publish","format-standard","has-post-thumbnail","hentry","category-cidade"],"_links":{"self":[{"href":"https:\/\/diarioregionaldigital.com.br\/index.php?rest_route=\/wp\/v2\/posts\/67527","targetHints":{"allow":["GET"]}}],"collection":[{"href":"https:\/\/diarioregionaldigital.com.br\/index.php?rest_route=\/wp\/v2\/posts"}],"about":[{"href":"https:\/\/diarioregionaldigital.com.br\/index.php?rest_route=\/wp\/v2\/types\/post"}],"author":[{"embeddable":true,"href":"https:\/\/diarioregionaldigital.com.br\/index.php?rest_route=\/wp\/v2\/users\/96"}],"replies":[{"embeddable":true,"href":"https:\/\/diarioregionaldigital.com.br\/index.php?rest_route=%2Fwp%2Fv2%2Fcomments&post=67527"}],"version-history":[{"count":0,"href":"https:\/\/diarioregionaldigital.com.br\/index.php?rest_route=\/wp\/v2\/posts\/67527\/revisions"}],"wp:featuredmedia":[{"embeddable":true,"href":"https:\/\/diarioregionaldigital.com.br\/index.php?rest_route=\/wp\/v2\/media\/67526"}],"wp:attachment":[{"href":"https:\/\/diarioregionaldigital.com.br\/index.php?rest_route=%2Fwp%2Fv2%2Fmedia&parent=67527"}],"wp:term":[{"taxonomy":"category","embeddable":true,"href":"https:\/\/diarioregionaldigital.com.br\/index.php?rest_route=%2Fwp%2Fv2%2Fcategories&post=67527"},{"taxonomy":"post_tag","embeddable":true,"href":"https:\/\/diarioregionaldigital.com.br\/index.php?rest_route=%2Fwp%2Fv2%2Ftags&post=67527"}],"curies":[{"name":"wp","href":"https:\/\/api.w.org\/{rel}","templated":true}]}}