{"id":67423,"date":"2017-01-09T23:31:58","date_gmt":"2017-01-10T01:31:58","guid":{"rendered":"http:\/\/diarioregionaljf.com.br\/2017\/01\/09\/temer-anuncia-construcao-de-presidio-federal-no-rio-grande-do-sul\/"},"modified":"2017-01-09T23:31:58","modified_gmt":"2017-01-10T01:31:58","slug":"temer-anuncia-construcao-de-presidio-federal-no-rio-grande-do-sul","status":"publish","type":"post","link":"https:\/\/diarioregionaldigital.com.br\/?p=67423","title":{"rendered":"Temer anuncia constru\u00e7\u00e3o de pres\u00eddio federal no Rio Grande do Sul"},"content":{"rendered":"<p>Um dos cinco pres&iacute;dios federais, previstos no Plano Nacional de Seguran&ccedil;a P&uacute;blica anunciado na semana passada, ser&aacute; constru&iacute;do no Rio Grande do Sul. O an&uacute;ncio foi feito nessa segunda-feira, 9, pelo presidente Michel Temer durante evento de entrega de 61 ambul&acirc;ncias para o estado. Antes, o presidente visitou algumas regi&otilde;es alagadas pelas recentes chuvas no Rio Grande do Sul.<\/p>\n<p>&ldquo;Queremos construir aqui [no Rio Grande do Sul] um pres&iacute;dio federal de seguran&ccedil;a m&aacute;xima. E quero anunciar pela primeira vez este fato. Sei que n&atilde;o &eacute; nada agrad&aacute;vel anunciar pres&iacute;dios, mas volto a dizer: a realidade social atual exige medidas desta natureza&rdquo;, disse Temer.<\/p>\n<p>O presidente lembrou que a Constitui&ccedil;&atilde;o estabelece que o preso deve cumprir a pena em estabelecimentos distintos de acordo com a natureza do delito, com a idade e com o sexo. &#8220;Isso n&atilde;o se cumpre no nosso pa&iacute;s&rdquo;, disse Michel Temer. &ldquo;Estamos portanto determinando aos estados que haja estabelecimentos distintos. Se ele cometeu crimes de potencial ofensivo menor, vai para um estabelecimento prisional. Se cometeu potencial ofensivo muito mais violento, vai para outro estabelecimento de pris&atilde;o&#8221;, acrescentou o presidente, ao ressaltar a separa&ccedil;&atilde;o de detentos por crime est&aacute; prevista no plano, que ser&aacute; enviado ao Congresso Nacional.<\/p>\n<p>Temer disse que outra medida para reduzir a superlota&ccedil;&atilde;o das penitenci&aacute;rias do pa&iacute;s &eacute; a constru&ccedil;&atilde;o de pres&iacute;dios estaduais. H&aacute; a previs&atilde;o de novas unidades em 25 unidades da Federa&ccedil;&atilde;o.<\/p>\n<p>&ldquo;Espero que daqui a 20 anos quem esteja nessa tribuna venha dizer que est&aacute; construindo s&oacute; escolas e postos de sa&uacute;de, e n&atilde;o pres&iacute;dios. Mas a realidade atual nos leva &agrave; necessidade imperiosa da constru&ccedil;&atilde;o de pres&iacute;dios, at&eacute; para tirar [presos] daqueles pres&iacute;dios que cabem 700, mas t&ecirc;m 1,5 mil pessoas. J&aacute; mandamos verba de quase R$900 milh&otilde;es para isso&rdquo;, disse.<\/p>\n<p>Fonte: Ag&ecirc;ncia Brasil<\/p>\n","protected":false},"excerpt":{"rendered":"<p>Um dos cinco pres&iacute;dios federais, previstos no Plano Nacional de Seguran&ccedil;a P&uacute;blica anunciado na semana passada, ser&aacute; constru&iacute;do no Rio Grande do Sul. O an&uacute;ncio foi feito nessa segunda-feira, 9, pelo presidente Michel Temer durante evento de entrega de 61 ambul&acirc;ncias para o estado. Antes, o presidente visitou algumas regi&otilde;es alagadas pelas recentes chuvas no [&hellip;]<\/p>\n","protected":false},"author":96,"featured_media":67422,"comment_status":"closed","ping_status":"closed","sticky":false,"template":"","format":"standard","meta":{"footnotes":""},"categories":[254],"tags":[],"class_list":["post-67423","post","type-post","status-publish","format-standard","has-post-thumbnail","hentry","category-politica"],"_links":{"self":[{"href":"https:\/\/diarioregionaldigital.com.br\/index.php?rest_route=\/wp\/v2\/posts\/67423","targetHints":{"allow":["GET"]}}],"collection":[{"href":"https:\/\/diarioregionaldigital.com.br\/index.php?rest_route=\/wp\/v2\/posts"}],"about":[{"href":"https:\/\/diarioregionaldigital.com.br\/index.php?rest_route=\/wp\/v2\/types\/post"}],"author":[{"embeddable":true,"href":"https:\/\/diarioregionaldigital.com.br\/index.php?rest_route=\/wp\/v2\/users\/96"}],"replies":[{"embeddable":true,"href":"https:\/\/diarioregionaldigital.com.br\/index.php?rest_route=%2Fwp%2Fv2%2Fcomments&post=67423"}],"version-history":[{"count":0,"href":"https:\/\/diarioregionaldigital.com.br\/index.php?rest_route=\/wp\/v2\/posts\/67423\/revisions"}],"wp:featuredmedia":[{"embeddable":true,"href":"https:\/\/diarioregionaldigital.com.br\/index.php?rest_route=\/wp\/v2\/media\/67422"}],"wp:attachment":[{"href":"https:\/\/diarioregionaldigital.com.br\/index.php?rest_route=%2Fwp%2Fv2%2Fmedia&parent=67423"}],"wp:term":[{"taxonomy":"category","embeddable":true,"href":"https:\/\/diarioregionaldigital.com.br\/index.php?rest_route=%2Fwp%2Fv2%2Fcategories&post=67423"},{"taxonomy":"post_tag","embeddable":true,"href":"https:\/\/diarioregionaldigital.com.br\/index.php?rest_route=%2Fwp%2Fv2%2Ftags&post=67423"}],"curies":[{"name":"wp","href":"https:\/\/api.w.org\/{rel}","templated":true}]}}