{"id":67390,"date":"2017-01-09T22:46:57","date_gmt":"2017-01-10T00:46:57","guid":{"rendered":"http:\/\/diarioregionaljf.com.br\/2017\/01\/09\/russia-classifica-de-amadoras-acusacoes-dos-eua-sobre-ataques-ciberneticos\/"},"modified":"2017-01-09T22:46:57","modified_gmt":"2017-01-10T00:46:57","slug":"russia-classifica-de-amadoras-acusacoes-dos-eua-sobre-ataques-ciberneticos","status":"publish","type":"post","link":"https:\/\/diarioregionaldigital.com.br\/?p=67390","title":{"rendered":"R\u00fassia classifica de \u201camadoras\u201d acusa\u00e7\u00f5es dos EUA sobre ataques cibern\u00e9ticos"},"content":{"rendered":"<p>O governo da R&uacute;ssia classificou, nessa segunda-feira, 9, de &ldquo;amadoras&rdquo; as acusa&ccedil;&otilde;es dos servi&ccedil;os de intelig&ecirc;ncia norte-americanos de que hackers russos teriam realizado ataques cibern&eacute;ticos contra os Estados Unidos para influenciar positivamente a campanha eleitoral do republicano Donald Trump e desfavorecer a ex-candidata democrata Hillary Clinton.<\/p>\n<p>Segundo ag&ecirc;ncias internacionais, o porta-voz do Kremlin, Dmitri Peskov, disse que as acusa&ccedil;&otilde;es s&atilde;o &ldquo;amadoras e infundadas&rdquo;. Na sexta-feira, os EUA divulgaram um relat&oacute;rio em que acusam a R&uacute;ssia de ter utilizado os ataques cibern&eacute;ticos. Para a intelig&ecirc;ncia norte-americana, Moscou tinha conhecimento da a&ccedil;&atilde;o dos hackers. De acordo com o documento, o presidente russo, Vladimir Putin, teria ordenado as a&ccedil;&otilde;es para que o pa&iacute;s influenciasse as elei&ccedil;&otilde;es de 2016.<\/p>\n<p>As investiga&ccedil;&otilde;es da intelig&ecirc;ncia norte-americana sobre o suposto ataque foram ordenadas pelo presidente Barack Obama em dezembro. Depois disso, ele ordenou san&ccedil;&otilde;es contra a R&uacute;ssia e a expuls&atilde;o de diplomatas russos dos EUA.<\/p>\n<p>O governo russo, por sua vez, n&atilde;o revidou quanto &agrave; expuls&atilde;o de diplomatas, e disse que esperaria pela posse do presidente eleito Donald Trump, no pr&oacute;ximo dia 20 de janeiro. Putin e Trump t&ecirc;m se aproximado e, desde a &eacute;poca da campanha, trocado elogios. O presidente eleito desqualificou as acusa&ccedil;&otilde;es do governo Obama e disse que elas s&atilde;o infundadas.<\/p>\n<p>Fonte: Ag&ecirc;ncia Brasil<\/p>\n","protected":false},"excerpt":{"rendered":"<p>O governo da R&uacute;ssia classificou, nessa segunda-feira, 9, de &ldquo;amadoras&rdquo; as acusa&ccedil;&otilde;es dos servi&ccedil;os de intelig&ecirc;ncia norte-americanos de que hackers russos teriam realizado ataques cibern&eacute;ticos contra os Estados Unidos para influenciar positivamente a campanha eleitoral do republicano Donald Trump e desfavorecer a ex-candidata democrata Hillary Clinton. Segundo ag&ecirc;ncias internacionais, o porta-voz do Kremlin, Dmitri Peskov, [&hellip;]<\/p>\n","protected":false},"author":96,"featured_media":0,"comment_status":"closed","ping_status":"closed","sticky":false,"template":"","format":"standard","meta":{"footnotes":""},"categories":[252],"tags":[],"class_list":["post-67390","post","type-post","status-publish","format-standard","hentry","category-regiao"],"_links":{"self":[{"href":"https:\/\/diarioregionaldigital.com.br\/index.php?rest_route=\/wp\/v2\/posts\/67390","targetHints":{"allow":["GET"]}}],"collection":[{"href":"https:\/\/diarioregionaldigital.com.br\/index.php?rest_route=\/wp\/v2\/posts"}],"about":[{"href":"https:\/\/diarioregionaldigital.com.br\/index.php?rest_route=\/wp\/v2\/types\/post"}],"author":[{"embeddable":true,"href":"https:\/\/diarioregionaldigital.com.br\/index.php?rest_route=\/wp\/v2\/users\/96"}],"replies":[{"embeddable":true,"href":"https:\/\/diarioregionaldigital.com.br\/index.php?rest_route=%2Fwp%2Fv2%2Fcomments&post=67390"}],"version-history":[{"count":0,"href":"https:\/\/diarioregionaldigital.com.br\/index.php?rest_route=\/wp\/v2\/posts\/67390\/revisions"}],"wp:attachment":[{"href":"https:\/\/diarioregionaldigital.com.br\/index.php?rest_route=%2Fwp%2Fv2%2Fmedia&parent=67390"}],"wp:term":[{"taxonomy":"category","embeddable":true,"href":"https:\/\/diarioregionaldigital.com.br\/index.php?rest_route=%2Fwp%2Fv2%2Fcategories&post=67390"},{"taxonomy":"post_tag","embeddable":true,"href":"https:\/\/diarioregionaldigital.com.br\/index.php?rest_route=%2Fwp%2Fv2%2Ftags&post=67390"}],"curies":[{"name":"wp","href":"https:\/\/api.w.org\/{rel}","templated":true}]}}