{"id":67249,"date":"2017-01-06T20:51:15","date_gmt":"2017-01-06T22:51:15","guid":{"rendered":"http:\/\/diarioregionaljf.com.br\/2017\/01\/06\/operacao-ponto-final-jovem-e-preso-por-roubos-a-coletivos\/"},"modified":"2021-08-10T00:49:12","modified_gmt":"2021-08-10T03:49:12","slug":"operacao-ponto-final-jovem-e-preso-por-roubos-a-coletivos","status":"publish","type":"post","link":"https:\/\/diarioregionaldigital.com.br\/?p=67249","title":{"rendered":"Opera\u00e7\u00e3o Ponto Final: Jovem \u00e9 preso por roubos a coletivos"},"content":{"rendered":"<p>Na manh\u00e3 dessa sexta-feira, 6, um jovem de 22 anos foi preso no bairro Jardim de Al\u00e1, zona Sul, ap\u00f3s a\u00e7\u00e3o da Delegacia Especializada de Repress\u00e3o \u00e0 Roubos (DERR) da Pol\u00edcia Civil (PC). A equipe atuava pela Opera\u00e7\u00e3o Ponto Final, iniciada na segunda-feira, 2, com o objetivo de coibir assaltos a \u00f4nibus e intensificar a repress\u00e3o a esses crimes.<\/p>\n<p>Segundo a DERR, no dia 2 de janeiro, a equipe recebeu informa\u00e7\u00f5es de que o jovem de 22 anos estaria vendendo, por meio de uma rede social, um bon\u00e9 que havia sido roubado durante um assalto a um \u00f4nibus no bairro Nova Calif\u00f3rnia, Cidade Alta. O crime teria acontecido no dia 21 de dezembro. Os investigadores encontraram o autor em posse do bon\u00e9 e o conduziu a delegacia. Duas v\u00edtimas o reconheceram como respons\u00e1vel pelo delito.<\/p>\n<p>Com o suspeito tamb\u00e9m foram encontradas uma arma falsa, uma motocicleta, que foi usada no crime, e agasalhos, que supostamente foram utilizados em outros assaltos. \u201cO comparsa dele j\u00e1 foi identificado e tamb\u00e9m possui 22 anos. A motocicleta apreendida nessa manh\u00e3 pertencia a esse outro autor\u201d, informou a titular da DERR, delegada Larissa Mascotte. De acordo com ela, ser\u00e1 solicitado ao Poder Judici\u00e1rio, o mandado de pris\u00e3o do segundo jovem.<\/p>\n<p>Os dois jovens foram identificados como autores do assalto ao \u00f4nibus no bairro Nova Calif\u00f3rnia e um segundo, no Aeroporto, ambos na Cidade Alta. Eles tamb\u00e9m s\u00e3o suspeitos de outros quatro assaltos.<\/p>\n<h4>UMA SEMANA DE OPERA\u00c7\u00c3O<\/h4>\n<p>\u201cNos \u00faltimos dez dias, tivemos uma onda de assalto a coletivos. Com isso a Delegacia Regional junto com a Delegacia Especializada de Repress\u00e3o a Roubos (DERR) decidiu montar a opera\u00e7\u00e3o com a coordena\u00e7\u00e3o da titular da delegacia, Larissa Mascotte\u201d, esclareceu a delegada regional Patr\u00edcia Ribeiro. Tamb\u00e9m nessa sexta-feira, a delegada apresentou, junto \u00e0 equipe da Especializada, o primeiro balan\u00e7o da Opera\u00e7\u00e3o.<\/p>\n<p>Em cinco dias de opera\u00e7\u00e3o, cinco pessoas foram conduzidas a delegacia: quatro homens presos e um adolescente foi apreendido e liberado. \u201cV\u00e1rias a\u00e7\u00f5es foram desencadeadas, por exemplo, blitz, pris\u00f5es e cumprimento de mandato de busca\u201d, ressaltou Patr\u00edcia.<\/p>\n<p>A DERR realizou na tarde dessa quinta-feira, 5, uma blitz na regi\u00e3o Norte da cidade. Noventa e quatro \u00f4nibus, carros e motocicletas suspeitas foram abordados. \u201cUm adolescente de 17 anos foi encontrado em posse de uma faca. Ele foi levado \u00e0 delegacia, mas foi liberado porque o crime n\u00e3o chegou a acontecer\u201d, explicou Larissa. Outros dois indiv\u00edduos foram presos em posse de coca\u00edna.<\/p>\n<p>A delegada regional afirmou que a opera\u00e7\u00e3o n\u00e3o tem prazo para terminar. \u201cEstamos identificando outros locais e hor\u00e1rios para darmos continuidade\u201d, acrescentou.<\/p>\n<p>Para ela, o resultado dos primeiros cinco dias de opera\u00e7\u00e3o \u00e9 satisfat\u00f3rio. Segundo a Pol\u00edcia Civil, nos \u00faltimos quarenta dias, vinte e duas pessoas foram presas por envolvimento em roubos na cidade. \u201c\u00c9 uma resposta r\u00e1pida que a gente est\u00e1 dando para a sociedade na busca de garantir a paz social e a seguran\u00e7as dos trabalhadores do transporte p\u00fablico\u201d, destacou.<\/p>\n<h4>RECEPTA\u00c7\u00c3O<\/h4>\n<p>Na manh\u00e3 de ter\u00e7a-feira, 3, um homem de 35 anos foi preso no bairro S\u00e3o Dami\u00e3o, zona Norte, pelo crime de recepta\u00e7\u00e3o. Ele estava com celulares, computador e v\u00eddeo game que teriam sido roubados. A per\u00edcia tamb\u00e9m vai servir pra identificar se os celulares s\u00e3o provenientes de assaltos a \u00f4nibus.<\/p>\n<p>\u201cOs objetos est\u00e3o sendo periciados para que encontremos os donos\u201d, disse Larissa. De acordo com Patr\u00edcia Ribeiro, a import\u00e2ncia de prender indiv\u00edduos, que atuam como receptadores, \u00e9 a possibilidade de chegar aos assaltantes. \u201cA recepta\u00e7\u00e3o \u00e9 um crime conexo. Se ele est\u00e1 receptando, vamos trabalhar para identificar quem est\u00e1 repassando\u201d, disse.<\/p>\n","protected":false},"excerpt":{"rendered":"<p>Na manh\u00e3 dessa sexta-feira, 6, um jovem de 22 anos foi preso no bairro Jardim de Al\u00e1, zona Sul, ap\u00f3s a\u00e7\u00e3o da Delegacia Especializada de Repress\u00e3o \u00e0 Roubos (DERR) da Pol\u00edcia Civil (PC). A equipe atuava pela Opera\u00e7\u00e3o Ponto Final, iniciada na segunda-feira, 2, com o objetivo de coibir assaltos a \u00f4nibus e intensificar a [&hellip;]<\/p>\n","protected":false},"author":96,"featured_media":0,"comment_status":"closed","ping_status":"closed","sticky":false,"template":"","format":"standard","meta":{"footnotes":""},"categories":[253],"tags":[],"class_list":["post-67249","post","type-post","status-publish","format-standard","hentry","category-cidade"],"_links":{"self":[{"href":"https:\/\/diarioregionaldigital.com.br\/index.php?rest_route=\/wp\/v2\/posts\/67249","targetHints":{"allow":["GET"]}}],"collection":[{"href":"https:\/\/diarioregionaldigital.com.br\/index.php?rest_route=\/wp\/v2\/posts"}],"about":[{"href":"https:\/\/diarioregionaldigital.com.br\/index.php?rest_route=\/wp\/v2\/types\/post"}],"author":[{"embeddable":true,"href":"https:\/\/diarioregionaldigital.com.br\/index.php?rest_route=\/wp\/v2\/users\/96"}],"replies":[{"embeddable":true,"href":"https:\/\/diarioregionaldigital.com.br\/index.php?rest_route=%2Fwp%2Fv2%2Fcomments&post=67249"}],"version-history":[{"count":2,"href":"https:\/\/diarioregionaldigital.com.br\/index.php?rest_route=\/wp\/v2\/posts\/67249\/revisions"}],"predecessor-version":[{"id":186625,"href":"https:\/\/diarioregionaldigital.com.br\/index.php?rest_route=\/wp\/v2\/posts\/67249\/revisions\/186625"}],"wp:attachment":[{"href":"https:\/\/diarioregionaldigital.com.br\/index.php?rest_route=%2Fwp%2Fv2%2Fmedia&parent=67249"}],"wp:term":[{"taxonomy":"category","embeddable":true,"href":"https:\/\/diarioregionaldigital.com.br\/index.php?rest_route=%2Fwp%2Fv2%2Fcategories&post=67249"},{"taxonomy":"post_tag","embeddable":true,"href":"https:\/\/diarioregionaldigital.com.br\/index.php?rest_route=%2Fwp%2Fv2%2Ftags&post=67249"}],"curies":[{"name":"wp","href":"https:\/\/api.w.org\/{rel}","templated":true}]}}