{"id":66999,"date":"2017-01-03T22:47:18","date_gmt":"2017-01-04T00:47:18","guid":{"rendered":"http:\/\/diarioregionaljf.com.br\/2017\/01\/03\/morales-diz-que-transoceanica-e-canal-do-panama-do-seculo-21\/"},"modified":"2017-01-03T22:47:18","modified_gmt":"2017-01-04T00:47:18","slug":"morales-diz-que-transoceanica-e-canal-do-panama-do-seculo-21","status":"publish","type":"post","link":"https:\/\/diarioregionaldigital.com.br\/?p=66999","title":{"rendered":"Morales diz que Transoce\u00e2nica \u00e9 &#8220;Canal do Panam\u00e1 do s\u00e9culo 21&#8221;"},"content":{"rendered":"<p>O presidente da Bol&iacute;via, Evo Morales, disse que a ferrovia Transoce&acirc;nica, que dever&aacute; ligar o centro do Brasil ao Oceano Pac&iacute;fico pelo Peru, &#8220;ser&aacute; o Canal do Panam&aacute; do s&eacute;culo 21&#8221;. A informa&ccedil;&atilde;o &eacute; da Ag&ecirc;ncia Ansa.<\/p>\n<p>Em Assun&ccedil;&atilde;o, no Paraguai, Morales se reuniu com o presidente paraguaio, Horacio Cortes, nessa segunda-feira, 2, para assinar um acordo de entendimento. O documento tem como objetivo autorizar o in&iacute;cio de estudo para a constru&ccedil;&atilde;o de linha ferrovi&aacute;ria de cerca de 500 quil&ocirc;metros, que ligaria a cidade de Carmelo Peralta, no Norte do Paraguai, na fronteira com o Brasil, at&eacute; o munic&iacute;pio de Robor&eacute;, na Bol&iacute;via, que se ligaria depois a outra ferrovia at&eacute; Santa Cruz de la Sierra, no centro do pa&iacute;s.<\/p>\n<p>Em entrevista, Morales disse que a Transoce&acirc;nica ser&aacute; uma &#8220;ferrovia para a integra&ccedil;&atilde;o dos povos da Am&eacute;rica do Sul&#8221; e que para essas obras, que dariam tanto &agrave; Bol&iacute;via quanto ao Paraguai uma sa&iacute;da ao mar para as exporta&ccedil;&otilde;es, ser&atilde;o investidos &#8220;bilh&otilde;es de d&oacute;lares&#8221;.<\/p>\n<p>A ferrovia bioce&acirc;nica pode ligar, em at&eacute; nove anos, o Brasil ao Peru, come&ccedil;ando por Goi&aacute;s, passando pela Cordilheira dos Andes e chegando at&eacute; o litoral peruano em Bayovar. Com extens&atilde;o de quase 5 mil quil&ocirc;metros, a Transoce&acirc;nica foi anunciada em um acordo entre os governos do Brasil, do Peru e da China em 2015.<\/p>\n<p>Fonte: Ag&ecirc;ncia Brasil<\/p>\n","protected":false},"excerpt":{"rendered":"<p>O presidente da Bol&iacute;via, Evo Morales, disse que a ferrovia Transoce&acirc;nica, que dever&aacute; ligar o centro do Brasil ao Oceano Pac&iacute;fico pelo Peru, &#8220;ser&aacute; o Canal do Panam&aacute; do s&eacute;culo 21&#8221;. A informa&ccedil;&atilde;o &eacute; da Ag&ecirc;ncia Ansa. Em Assun&ccedil;&atilde;o, no Paraguai, Morales se reuniu com o presidente paraguaio, Horacio Cortes, nessa segunda-feira, 2, para assinar [&hellip;]<\/p>\n","protected":false},"author":96,"featured_media":0,"comment_status":"closed","ping_status":"closed","sticky":false,"template":"","format":"standard","meta":{"footnotes":""},"categories":[252],"tags":[],"class_list":["post-66999","post","type-post","status-publish","format-standard","hentry","category-regiao"],"_links":{"self":[{"href":"https:\/\/diarioregionaldigital.com.br\/index.php?rest_route=\/wp\/v2\/posts\/66999","targetHints":{"allow":["GET"]}}],"collection":[{"href":"https:\/\/diarioregionaldigital.com.br\/index.php?rest_route=\/wp\/v2\/posts"}],"about":[{"href":"https:\/\/diarioregionaldigital.com.br\/index.php?rest_route=\/wp\/v2\/types\/post"}],"author":[{"embeddable":true,"href":"https:\/\/diarioregionaldigital.com.br\/index.php?rest_route=\/wp\/v2\/users\/96"}],"replies":[{"embeddable":true,"href":"https:\/\/diarioregionaldigital.com.br\/index.php?rest_route=%2Fwp%2Fv2%2Fcomments&post=66999"}],"version-history":[{"count":0,"href":"https:\/\/diarioregionaldigital.com.br\/index.php?rest_route=\/wp\/v2\/posts\/66999\/revisions"}],"wp:attachment":[{"href":"https:\/\/diarioregionaldigital.com.br\/index.php?rest_route=%2Fwp%2Fv2%2Fmedia&parent=66999"}],"wp:term":[{"taxonomy":"category","embeddable":true,"href":"https:\/\/diarioregionaldigital.com.br\/index.php?rest_route=%2Fwp%2Fv2%2Fcategories&post=66999"},{"taxonomy":"post_tag","embeddable":true,"href":"https:\/\/diarioregionaldigital.com.br\/index.php?rest_route=%2Fwp%2Fv2%2Ftags&post=66999"}],"curies":[{"name":"wp","href":"https:\/\/api.w.org\/{rel}","templated":true}]}}