{"id":66944,"date":"2017-01-03T16:47:52","date_gmt":"2017-01-03T18:47:52","guid":{"rendered":"http:\/\/diarioregionaljf.com.br\/2017\/01\/03\/jovem-fica-em-estado-grave-apos-ser-vitima-de-tentativa-de-homicidio\/"},"modified":"2017-01-03T16:47:52","modified_gmt":"2017-01-03T18:47:52","slug":"jovem-fica-em-estado-grave-apos-ser-vitima-de-tentativa-de-homicidio","status":"publish","type":"post","link":"https:\/\/diarioregionaldigital.com.br\/?p=66944","title":{"rendered":"Jovem fica em estado grave ap\u00f3s ser v\u00edtima de tentativa de homic\u00eddio"},"content":{"rendered":"<p>Um jovem de 18 anos foi v&iacute;tima de uma tentativa de homic&iacute;dio na manh&atilde; dessa ter&ccedil;a-feira, 3, na Rua Ab&iacute;lio Jos&eacute; Gomes, localizada na Vila Ozanan, zona Sudeste. A v&iacute;tima foi atingida por dois disparos de arma de fogo no t&oacute;rax e no abd&ocirc;men. Segundo informa&ccedil;&otilde;es do Registro de Evento de Defesa Social (Reds), os autores seriam dois adolescentes. O jovem foi socorrido por populares que o levaram at&eacute; o Hospital de Pronto Socorro (HPS) e est&aacute; em estado considerado grav&iacute;ssimo.<\/p>\n","protected":false},"excerpt":{"rendered":"<p>Um jovem de 18 anos foi v&iacute;tima de uma tentativa de homic&iacute;dio na manh&atilde; dessa ter&ccedil;a-feira, 3, na Rua Ab&iacute;lio Jos&eacute; Gomes, localizada na Vila Ozanan, zona Sudeste. A v&iacute;tima foi atingida por dois disparos de arma de fogo no t&oacute;rax e no abd&ocirc;men. Segundo informa&ccedil;&otilde;es do Registro de Evento de Defesa Social (Reds), os [&hellip;]<\/p>\n","protected":false},"author":96,"featured_media":0,"comment_status":"closed","ping_status":"closed","sticky":false,"template":"","format":"standard","meta":{"footnotes":""},"categories":[253],"tags":[],"class_list":["post-66944","post","type-post","status-publish","format-standard","hentry","category-cidade"],"_links":{"self":[{"href":"https:\/\/diarioregionaldigital.com.br\/index.php?rest_route=\/wp\/v2\/posts\/66944","targetHints":{"allow":["GET"]}}],"collection":[{"href":"https:\/\/diarioregionaldigital.com.br\/index.php?rest_route=\/wp\/v2\/posts"}],"about":[{"href":"https:\/\/diarioregionaldigital.com.br\/index.php?rest_route=\/wp\/v2\/types\/post"}],"author":[{"embeddable":true,"href":"https:\/\/diarioregionaldigital.com.br\/index.php?rest_route=\/wp\/v2\/users\/96"}],"replies":[{"embeddable":true,"href":"https:\/\/diarioregionaldigital.com.br\/index.php?rest_route=%2Fwp%2Fv2%2Fcomments&post=66944"}],"version-history":[{"count":0,"href":"https:\/\/diarioregionaldigital.com.br\/index.php?rest_route=\/wp\/v2\/posts\/66944\/revisions"}],"wp:attachment":[{"href":"https:\/\/diarioregionaldigital.com.br\/index.php?rest_route=%2Fwp%2Fv2%2Fmedia&parent=66944"}],"wp:term":[{"taxonomy":"category","embeddable":true,"href":"https:\/\/diarioregionaldigital.com.br\/index.php?rest_route=%2Fwp%2Fv2%2Fcategories&post=66944"},{"taxonomy":"post_tag","embeddable":true,"href":"https:\/\/diarioregionaldigital.com.br\/index.php?rest_route=%2Fwp%2Fv2%2Ftags&post=66944"}],"curies":[{"name":"wp","href":"https:\/\/api.w.org\/{rel}","templated":true}]}}