{"id":66942,"date":"2017-01-03T14:38:21","date_gmt":"2017-01-03T16:38:21","guid":{"rendered":"http:\/\/diarioregionaljf.com.br\/2017\/01\/03\/arvore-cai-em-cima-de-onibus-e-prejudica-transito-na-avenida-rio-branco\/"},"modified":"2017-01-03T14:38:21","modified_gmt":"2017-01-03T16:38:21","slug":"arvore-cai-em-cima-de-onibus-e-prejudica-transito-na-avenida-rio-branco","status":"publish","type":"post","link":"https:\/\/diarioregionaldigital.com.br\/?p=66942","title":{"rendered":"\u00c1rvore cai em cima de \u00f4nibus e prejudica tr\u00e2nsito na Avenida Rio Branco"},"content":{"rendered":"<p>Uma &aacute;rvore caiu em cima de um &ocirc;nibus na manh&atilde; dessa ter&ccedil;a-feira, 3, na Avenida Rio Branco, altura do bairro S&atilde;o Mateus, zona Sul. Segundo informa&ccedil;&otilde;es do Corpo de Bombeiros, o tr&acirc;nsito est&aacute; obstru&iacute;do no local e ningu&eacute;m ficou ferido. A ocorr&ecirc;ncia est&aacute; em andamento.<\/p>\n","protected":false},"excerpt":{"rendered":"<p>Uma &aacute;rvore caiu em cima de um &ocirc;nibus na manh&atilde; dessa ter&ccedil;a-feira, 3, na Avenida Rio Branco, altura do bairro S&atilde;o Mateus, zona Sul. Segundo informa&ccedil;&otilde;es do Corpo de Bombeiros, o tr&acirc;nsito est&aacute; obstru&iacute;do no local e ningu&eacute;m ficou ferido. A ocorr&ecirc;ncia est&aacute; em andamento.<\/p>\n","protected":false},"author":96,"featured_media":66941,"comment_status":"closed","ping_status":"closed","sticky":false,"template":"","format":"standard","meta":{"footnotes":""},"categories":[253],"tags":[],"class_list":["post-66942","post","type-post","status-publish","format-standard","has-post-thumbnail","hentry","category-cidade"],"_links":{"self":[{"href":"https:\/\/diarioregionaldigital.com.br\/index.php?rest_route=\/wp\/v2\/posts\/66942","targetHints":{"allow":["GET"]}}],"collection":[{"href":"https:\/\/diarioregionaldigital.com.br\/index.php?rest_route=\/wp\/v2\/posts"}],"about":[{"href":"https:\/\/diarioregionaldigital.com.br\/index.php?rest_route=\/wp\/v2\/types\/post"}],"author":[{"embeddable":true,"href":"https:\/\/diarioregionaldigital.com.br\/index.php?rest_route=\/wp\/v2\/users\/96"}],"replies":[{"embeddable":true,"href":"https:\/\/diarioregionaldigital.com.br\/index.php?rest_route=%2Fwp%2Fv2%2Fcomments&post=66942"}],"version-history":[{"count":0,"href":"https:\/\/diarioregionaldigital.com.br\/index.php?rest_route=\/wp\/v2\/posts\/66942\/revisions"}],"wp:featuredmedia":[{"embeddable":true,"href":"https:\/\/diarioregionaldigital.com.br\/index.php?rest_route=\/wp\/v2\/media\/66941"}],"wp:attachment":[{"href":"https:\/\/diarioregionaldigital.com.br\/index.php?rest_route=%2Fwp%2Fv2%2Fmedia&parent=66942"}],"wp:term":[{"taxonomy":"category","embeddable":true,"href":"https:\/\/diarioregionaldigital.com.br\/index.php?rest_route=%2Fwp%2Fv2%2Fcategories&post=66942"},{"taxonomy":"post_tag","embeddable":true,"href":"https:\/\/diarioregionaldigital.com.br\/index.php?rest_route=%2Fwp%2Fv2%2Ftags&post=66942"}],"curies":[{"name":"wp","href":"https:\/\/api.w.org\/{rel}","templated":true}]}}