{"id":66895,"date":"2017-01-02T22:15:42","date_gmt":"2017-01-03T00:15:42","guid":{"rendered":"http:\/\/diarioregionaljf.com.br\/2017\/01\/02\/repelentes-nao-foram-entregues-a-gravidas-do-bolsa-familia\/"},"modified":"2017-01-02T22:15:42","modified_gmt":"2017-01-03T00:15:42","slug":"repelentes-nao-foram-entregues-a-gravidas-do-bolsa-familia","status":"publish","type":"post","link":"https:\/\/diarioregionaldigital.com.br\/?p=66895","title":{"rendered":"Repelentes n\u00e3o foram entregues a gr\u00e1vidas do Bolsa Fam\u00edlia"},"content":{"rendered":"<p>Um ano ap&oacute;s o an&uacute;ncio feito pelo Governo Federal, os repelentes prometidos a gr&aacute;vidas benefici&aacute;rias do Programa Bolsa Fam&iacute;lia ainda n&atilde;o come&ccedil;aram a ser entregues. O preg&atilde;o para a compra dos produtos foi feito em dezembro do ano passado e o processo de licita&ccedil;&atilde;o est&aacute; em andamento.<\/p>\n<p>A expectativa do Minist&eacute;rio da Sa&uacute;de &eacute; de que, uma vez conclu&iacute;da a fase da licita&ccedil;&atilde;o, os repelentes passem a ser entregues cerca de 15 dias depois. Ainda segundo a pasta, a burocracia comprometeu a agilidade do processo, j&aacute; que houve dificuldade em encontrar empresas com capacidade de fornecer o produto em grandes quantidades.<\/p>\n<p>Diante dos entraves, a nova previs&atilde;o do Governo Federal &eacute; que os repelentes comecem a ser distribu&iacute;dos no fim deste m&ecirc;s &ndash; cerca de um m&ecirc;s ap&oacute;s o in&iacute;cio do ver&atilde;o, per&iacute;odo em que as chuvas intensas contribuem para a prolifera&ccedil;&atilde;o do mosquito Aedes aegypti. O vetor transmite os v&iacute;rus da Dengue, febre Chikungunya e Zika.<\/p>\n<h4>O AN&Uacute;NCIO<\/h4>\n<p>Em janeiro de 2016, o Governo Federal anunciou que distribuiria gratuitamente repelentes a gr&aacute;vidas que participam do Programa Bolsa Fam&iacute;lia. A a&ccedil;&atilde;o buscava intensificar o combate ao mosquito, respons&aacute;vel pelo aumento dos casos de microcefalia no pa&iacute;s.<\/p>\n<p>O ministro da Sa&uacute;de &agrave; &eacute;poca, Marcelo Castro, informou que iria se reunir com fabricantes de repelentes para estudar a viabilidade de fornecer a quantidade necess&aacute;ria. Segundo ele, o governo trabalha com o n&uacute;mero m&eacute;dio de 400 mil gestantes aptas a receber o produto em todo o pa&iacute;s.<\/p>\n<h4>O DECRETO<\/h4>\n<p>Em abril do ano passado, a ent&atilde;o presidente Dilma Rousseff assinou decreto que institu&iacute;a o programa de preven&ccedil;&atilde;o e prote&ccedil;&atilde;o individual de gestantes em situa&ccedil;&atilde;o de vulnerabilidade socioecon&ocirc;mica contra o Aedes aegypti.<\/p>\n<p>De acordo com a publica&ccedil;&atilde;o, se caracterizam como em situa&ccedil;&atilde;o de vulnerabilidade socioecon&ocirc;mica as gestantes que integram fam&iacute;lias benefici&aacute;rias do Programa Bolsa Fam&iacute;lia.<\/p>\n<p>A defini&ccedil;&atilde;o de quais os insumos que seriam adquiridos e distribu&iacute;dos ficaria a cargo do Minist&eacute;rio da Sa&uacute;de que, conforme o decreto, atuaria de forma conjunta com o Minist&eacute;rio do Desenvolvimento Social e Combate &agrave; Fome para a implementa&ccedil;&atilde;o do programa.<\/p>\n<p>Fonte: Ag&ecirc;ncia Brasil<\/p>\n","protected":false},"excerpt":{"rendered":"<p>Um ano ap&oacute;s o an&uacute;ncio feito pelo Governo Federal, os repelentes prometidos a gr&aacute;vidas benefici&aacute;rias do Programa Bolsa Fam&iacute;lia ainda n&atilde;o come&ccedil;aram a ser entregues. O preg&atilde;o para a compra dos produtos foi feito em dezembro do ano passado e o processo de licita&ccedil;&atilde;o est&aacute; em andamento. A expectativa do Minist&eacute;rio da Sa&uacute;de &eacute; de [&hellip;]<\/p>\n","protected":false},"author":96,"featured_media":0,"comment_status":"closed","ping_status":"closed","sticky":false,"template":"","format":"standard","meta":{"footnotes":""},"categories":[252],"tags":[],"class_list":["post-66895","post","type-post","status-publish","format-standard","hentry","category-regiao"],"_links":{"self":[{"href":"https:\/\/diarioregionaldigital.com.br\/index.php?rest_route=\/wp\/v2\/posts\/66895","targetHints":{"allow":["GET"]}}],"collection":[{"href":"https:\/\/diarioregionaldigital.com.br\/index.php?rest_route=\/wp\/v2\/posts"}],"about":[{"href":"https:\/\/diarioregionaldigital.com.br\/index.php?rest_route=\/wp\/v2\/types\/post"}],"author":[{"embeddable":true,"href":"https:\/\/diarioregionaldigital.com.br\/index.php?rest_route=\/wp\/v2\/users\/96"}],"replies":[{"embeddable":true,"href":"https:\/\/diarioregionaldigital.com.br\/index.php?rest_route=%2Fwp%2Fv2%2Fcomments&post=66895"}],"version-history":[{"count":0,"href":"https:\/\/diarioregionaldigital.com.br\/index.php?rest_route=\/wp\/v2\/posts\/66895\/revisions"}],"wp:attachment":[{"href":"https:\/\/diarioregionaldigital.com.br\/index.php?rest_route=%2Fwp%2Fv2%2Fmedia&parent=66895"}],"wp:term":[{"taxonomy":"category","embeddable":true,"href":"https:\/\/diarioregionaldigital.com.br\/index.php?rest_route=%2Fwp%2Fv2%2Fcategories&post=66895"},{"taxonomy":"post_tag","embeddable":true,"href":"https:\/\/diarioregionaldigital.com.br\/index.php?rest_route=%2Fwp%2Fv2%2Ftags&post=66895"}],"curies":[{"name":"wp","href":"https:\/\/api.w.org\/{rel}","templated":true}]}}