{"id":66893,"date":"2017-01-02T22:09:33","date_gmt":"2017-01-03T00:09:33","guid":{"rendered":"http:\/\/diarioregionaljf.com.br\/2017\/01\/02\/obama-fara-discurso-de-despedida-no-dia-10-de-janeiro\/"},"modified":"2017-01-02T22:09:33","modified_gmt":"2017-01-03T00:09:33","slug":"obama-fara-discurso-de-despedida-no-dia-10-de-janeiro","status":"publish","type":"post","link":"https:\/\/diarioregionaldigital.com.br\/?p=66893","title":{"rendered":"Obama far\u00e1 discurso de despedida no dia 10 de janeiro"},"content":{"rendered":"<p>O presidente dos Estados Unidos, Barack Obama, far\u00e1 um discurso de despedida do cargo no dia 10 de janeiro em Chicago, informou o pr\u00f3prio mandat\u00e1rio em email enviado \u00e0 imprensa nessa segunda-feira, 2. As informa\u00e7\u00f5es s\u00e3o da Ag\u00eancia Ansa.<\/p>\n<p>&#8220;Acredito que isso ser\u00e1 uma oportunidade para lhes agradecer por esta extraordin\u00e1ria viagem, para celebrar as maneiras com que voc\u00eas mudaram este pa\u00eds para melhor nos \u00faltimos oito anos e para oferecer algumas reflex\u00f5es sobre para onde iremos a partir daqui&#8221;, escreveu Obama. O evento, que ser\u00e1 realizado no McCormick Place Convention Center, ocorre 10 dias antes da posse de seu sucessor, o republicano Donald Trump.<\/p>\n<p>&#8220;Desde 2009, n\u00f3s enfrentamos os nossos desafios e sa\u00edmos mais fortes. Isto porque n\u00f3s nunca desistimos de uma cren\u00e7a que nos guia desde a nossa funda\u00e7\u00e3o: nossa convic\u00e7\u00e3o de que juntos podemos mudar este pa\u00eds para melhor&#8221;, encerrou o presidente americano em sua mensagem.<\/p>\n<p>Fonte: Ag\u00eancia Brasil<\/p>\n","protected":false},"excerpt":{"rendered":"<p>O presidente dos Estados Unidos, Barack Obama, far\u00e1 um discurso de despedida do cargo no dia 10 de janeiro em Chicago, informou o pr\u00f3prio mandat\u00e1rio em email enviado \u00e0 imprensa nessa segunda-feira, 2. As informa\u00e7\u00f5es s\u00e3o da Ag\u00eancia Ansa. &#8220;Acredito que isso ser\u00e1 uma oportunidade para lhes agradecer por esta extraordin\u00e1ria viagem, para celebrar as [&hellip;]<\/p>\n","protected":false},"author":96,"featured_media":66892,"comment_status":"closed","ping_status":"closed","sticky":false,"template":"","format":"standard","meta":{"footnotes":""},"categories":[302],"tags":[],"class_list":["post-66893","post","type-post","status-publish","format-standard","has-post-thumbnail","hentry","category-brasil-mundo"],"_links":{"self":[{"href":"https:\/\/diarioregionaldigital.com.br\/index.php?rest_route=\/wp\/v2\/posts\/66893","targetHints":{"allow":["GET"]}}],"collection":[{"href":"https:\/\/diarioregionaldigital.com.br\/index.php?rest_route=\/wp\/v2\/posts"}],"about":[{"href":"https:\/\/diarioregionaldigital.com.br\/index.php?rest_route=\/wp\/v2\/types\/post"}],"author":[{"embeddable":true,"href":"https:\/\/diarioregionaldigital.com.br\/index.php?rest_route=\/wp\/v2\/users\/96"}],"replies":[{"embeddable":true,"href":"https:\/\/diarioregionaldigital.com.br\/index.php?rest_route=%2Fwp%2Fv2%2Fcomments&post=66893"}],"version-history":[{"count":0,"href":"https:\/\/diarioregionaldigital.com.br\/index.php?rest_route=\/wp\/v2\/posts\/66893\/revisions"}],"wp:featuredmedia":[{"embeddable":true,"href":"https:\/\/diarioregionaldigital.com.br\/index.php?rest_route=\/wp\/v2\/media\/66892"}],"wp:attachment":[{"href":"https:\/\/diarioregionaldigital.com.br\/index.php?rest_route=%2Fwp%2Fv2%2Fmedia&parent=66893"}],"wp:term":[{"taxonomy":"category","embeddable":true,"href":"https:\/\/diarioregionaldigital.com.br\/index.php?rest_route=%2Fwp%2Fv2%2Fcategories&post=66893"},{"taxonomy":"post_tag","embeddable":true,"href":"https:\/\/diarioregionaldigital.com.br\/index.php?rest_route=%2Fwp%2Fv2%2Ftags&post=66893"}],"curies":[{"name":"wp","href":"https:\/\/api.w.org\/{rel}","templated":true}]}}