{"id":66887,"date":"2017-01-02T22:05:12","date_gmt":"2017-01-03T00:05:12","guid":{"rendered":"http:\/\/diarioregionaljf.com.br\/2017\/01\/02\/estado-islamico-reivindica-atentado-em-boate-na-turquia\/"},"modified":"2017-01-02T22:05:12","modified_gmt":"2017-01-03T00:05:12","slug":"estado-islamico-reivindica-atentado-em-boate-na-turquia","status":"publish","type":"post","link":"https:\/\/diarioregionaldigital.com.br\/?p=66887","title":{"rendered":"Estado Isl\u00e2mico reivindica atentado em boate na Turquia"},"content":{"rendered":"<p>O grupo terrorista Estado Isl\u00e2mico (EI) reivindicou o atentado na boate Reina, em Istambul, na Turquia, que matou 39 pessoas, sendo 24 delas estrangeiras, e feriu outras 70 durante a madrugada desse domingo, 1\u00ba de janeiro.<\/p>\n<p>O EI disse ter sido respons\u00e1vel pelo ataque e fez o an\u00fancio atrav\u00e9s de um comunicado divulgado pela sua ag\u00eancia de not\u00edcias, a Amaq. Al\u00e9m de ter sido escrita em \u00e1rabe, a nota tamb\u00e9m foi redigida pela primeira vez em turco. O atentado come\u00e7ou quando um homem entrou na boate e atirou nos presentes. Algumas das pessoas que estavam no local disseram que o homem havia gritado &#8220;Allah Akbar&#8221;, enquanto realizava os disparos.<\/p>\n<p>As imagens das c\u00e2meras de seguran\u00e7a conseguiram capturar a imagem de um homem vestido de preto com capuz e uma arma de cano longo que matou um policial e um seguran\u00e7a para entrar no espa\u00e7o, frequentado por turistas, artistas e esportistas.<\/p>\n<p>Muitos dos presentes acabaram mergulhando nas \u00e1guas geladas do estreito de B\u00f3sforo, pr\u00f3ximo do clube, para escapar do atirador.<\/p>\n<p>Segundo as autoridades turcas, o ataque foi realizado por apenas um terrorista, um jovem de cabelo e barba pretos, mas essa teoria ainda gera d\u00favidas. Pessoas que estavam na boate disseram que os disparos pareciam terem sido realizados por mais de um atirador.<\/p>\n<p>Entre os mortos est\u00e3o pessoas da Turquia, da Ar\u00e1bia Saudita, Iraque, Jord\u00e2nia, L\u00edbano, Kuwait, S\u00edria, Israel, B\u00e9lgica e Canad\u00e1. J\u00e1 entre os feridos estava um grupo de italianos que disse que se salvou do atentado se jogando no ch\u00e3o antes dos disparos come\u00e7arem.<\/p>\n<h4>BAGD\u00c1<\/h4>\n<p>O grupo terrorista Estado Isl\u00e2mico assumiu a autoria de dois atentados ocorridos em Bagd\u00e1, no Iraque, entre esse s\u00e1bado, 31, e essa segunda-feira, 2, informou a emissora Al Jazeera. As informa\u00e7\u00f5es s\u00e3o da ag\u00eancia de not\u00edcias Ansa. O primeiro ataque deixou 28 mortos e o segundo, em uma pra\u00e7a de um bairro xiita, resultou em pelo menos 39 mortos.<\/p>\n<p>Fonte: Ag\u00eancia Brasil<\/p>\n","protected":false},"excerpt":{"rendered":"<p>O grupo terrorista Estado Isl\u00e2mico (EI) reivindicou o atentado na boate Reina, em Istambul, na Turquia, que matou 39 pessoas, sendo 24 delas estrangeiras, e feriu outras 70 durante a madrugada desse domingo, 1\u00ba de janeiro. O EI disse ter sido respons\u00e1vel pelo ataque e fez o an\u00fancio atrav\u00e9s de um comunicado divulgado pela sua [&hellip;]<\/p>\n","protected":false},"author":96,"featured_media":0,"comment_status":"closed","ping_status":"closed","sticky":false,"template":"","format":"standard","meta":{"footnotes":""},"categories":[302],"tags":[],"class_list":["post-66887","post","type-post","status-publish","format-standard","hentry","category-brasil-mundo"],"_links":{"self":[{"href":"https:\/\/diarioregionaldigital.com.br\/index.php?rest_route=\/wp\/v2\/posts\/66887","targetHints":{"allow":["GET"]}}],"collection":[{"href":"https:\/\/diarioregionaldigital.com.br\/index.php?rest_route=\/wp\/v2\/posts"}],"about":[{"href":"https:\/\/diarioregionaldigital.com.br\/index.php?rest_route=\/wp\/v2\/types\/post"}],"author":[{"embeddable":true,"href":"https:\/\/diarioregionaldigital.com.br\/index.php?rest_route=\/wp\/v2\/users\/96"}],"replies":[{"embeddable":true,"href":"https:\/\/diarioregionaldigital.com.br\/index.php?rest_route=%2Fwp%2Fv2%2Fcomments&post=66887"}],"version-history":[{"count":0,"href":"https:\/\/diarioregionaldigital.com.br\/index.php?rest_route=\/wp\/v2\/posts\/66887\/revisions"}],"wp:attachment":[{"href":"https:\/\/diarioregionaldigital.com.br\/index.php?rest_route=%2Fwp%2Fv2%2Fmedia&parent=66887"}],"wp:term":[{"taxonomy":"category","embeddable":true,"href":"https:\/\/diarioregionaldigital.com.br\/index.php?rest_route=%2Fwp%2Fv2%2Fcategories&post=66887"},{"taxonomy":"post_tag","embeddable":true,"href":"https:\/\/diarioregionaldigital.com.br\/index.php?rest_route=%2Fwp%2Fv2%2Ftags&post=66887"}],"curies":[{"name":"wp","href":"https:\/\/api.w.org\/{rel}","templated":true}]}}