{"id":66849,"date":"2017-01-02T17:11:34","date_gmt":"2017-01-02T19:11:34","guid":{"rendered":"http:\/\/diarioregionaljf.com.br\/2017\/01\/02\/espingarda-de-fabricacao-caseira-e-apreendida-no-grama\/"},"modified":"2017-01-02T17:11:34","modified_gmt":"2017-01-02T19:11:34","slug":"espingarda-de-fabricacao-caseira-e-apreendida-no-grama","status":"publish","type":"post","link":"https:\/\/diarioregionaldigital.com.br\/?p=66849","title":{"rendered":"Espingarda de fabrica\u00e7\u00e3o caseira \u00e9 apreendida no Grama"},"content":{"rendered":"<p>Uma espingarda de fabrica&ccedil;&atilde;o caseira foi apreendida na tarde desse domingo, 1&ordm;, na Rua C&eacute;sar Franco, localizada no bairro Grama, zona Nordeste. Ap&oacute;s den&uacute;ncias an&ocirc;nimas, a Pol&iacute;cia Militar (PM) foi at&eacute; uma resid&ecirc;ncia e encontrou a arma dentro de um sof&aacute; velho. Ningu&eacute;m foi preso.<\/p>\n","protected":false},"excerpt":{"rendered":"<p>Uma espingarda de fabrica&ccedil;&atilde;o caseira foi apreendida na tarde desse domingo, 1&ordm;, na Rua C&eacute;sar Franco, localizada no bairro Grama, zona Nordeste. Ap&oacute;s den&uacute;ncias an&ocirc;nimas, a Pol&iacute;cia Militar (PM) foi at&eacute; uma resid&ecirc;ncia e encontrou a arma dentro de um sof&aacute; velho. Ningu&eacute;m foi preso.<\/p>\n","protected":false},"author":96,"featured_media":0,"comment_status":"closed","ping_status":"closed","sticky":false,"template":"","format":"standard","meta":{"footnotes":""},"categories":[253],"tags":[],"class_list":["post-66849","post","type-post","status-publish","format-standard","hentry","category-cidade"],"_links":{"self":[{"href":"https:\/\/diarioregionaldigital.com.br\/index.php?rest_route=\/wp\/v2\/posts\/66849","targetHints":{"allow":["GET"]}}],"collection":[{"href":"https:\/\/diarioregionaldigital.com.br\/index.php?rest_route=\/wp\/v2\/posts"}],"about":[{"href":"https:\/\/diarioregionaldigital.com.br\/index.php?rest_route=\/wp\/v2\/types\/post"}],"author":[{"embeddable":true,"href":"https:\/\/diarioregionaldigital.com.br\/index.php?rest_route=\/wp\/v2\/users\/96"}],"replies":[{"embeddable":true,"href":"https:\/\/diarioregionaldigital.com.br\/index.php?rest_route=%2Fwp%2Fv2%2Fcomments&post=66849"}],"version-history":[{"count":0,"href":"https:\/\/diarioregionaldigital.com.br\/index.php?rest_route=\/wp\/v2\/posts\/66849\/revisions"}],"wp:attachment":[{"href":"https:\/\/diarioregionaldigital.com.br\/index.php?rest_route=%2Fwp%2Fv2%2Fmedia&parent=66849"}],"wp:term":[{"taxonomy":"category","embeddable":true,"href":"https:\/\/diarioregionaldigital.com.br\/index.php?rest_route=%2Fwp%2Fv2%2Fcategories&post=66849"},{"taxonomy":"post_tag","embeddable":true,"href":"https:\/\/diarioregionaldigital.com.br\/index.php?rest_route=%2Fwp%2Fv2%2Ftags&post=66849"}],"curies":[{"name":"wp","href":"https:\/\/api.w.org\/{rel}","templated":true}]}}