{"id":232645,"date":"2026-03-13T18:35:03","date_gmt":"2026-03-13T21:35:03","guid":{"rendered":"https:\/\/diarioregionaldigital.com.br\/?p=232645"},"modified":"2026-03-13T18:35:03","modified_gmt":"2026-03-13T21:35:03","slug":"demlurb-reforca-forca-tarefa-de-limpeza-em-22-bairros-da-cidade-nesta-sexta-feira-13-03","status":"publish","type":"post","link":"https:\/\/diarioregionaldigital.com.br\/?p=232645","title":{"rendered":"Demlurb refor\u00e7a for\u00e7a-tarefa de limpeza em 22 bairros da cidade nesta sexta-feira (13\/03)"},"content":{"rendered":"<p>Segundo informa\u00e7\u00f5es do site da Prefeitura de Juiz de Fora (PJF), o Departamento Municipal de Limpeza Urbana (Demlurb) d\u00e1 continuidade, nesta sexta-feira, 13, \u00e0s a\u00e7\u00f5es intensivas de limpeza em diferentes regi\u00f5es da cidade, mantendo as frentes de trabalho voltadas \u00e0 retirada de res\u00edduos e desobstru\u00e7\u00e3o de vias. Ao todo, 22 bairros est\u00e3o na programa\u00e7\u00e3o das equipes: Vila Alpina, Vale do Ip\u00ea, Santa Luzia, Retiro, Linhares, Nova Era, Cer\u00e2mica, Industrial, Joquei Clube, Manoel Hon\u00f3rio, Milho Branco, Vila Esperan\u00e7a II, Esplanada, Eldorado, Paineiras, Dom Bosco, Po\u00e7o Rico, Jardim Esperan\u00e7a, Costa Carvalho, Nossa Senhora das Gra\u00e7as, Granjas Santo Ant\u00f4nio e Parque Burnier.<\/p>\n<p>Os servi\u00e7os incluem raspagem de barro e recolhimento de m\u00f3veis, entulho e res\u00edduos diversos, conforme as demandas identificadas em cada localidade. Assim como nos \u00faltimos dias, muitos dos bairros listados j\u00e1 receberam atua\u00e7\u00e3o do Demlurb nas \u00faltimas semanas, com o retorno das equipes para garantir que os servi\u00e7os sejam conclu\u00eddos de forma completa nas regi\u00f5es atendidas.<\/p>\n<p>A opera\u00e7\u00e3o conta com a atua\u00e7\u00e3o de centenas de servidores mobilizados nas frentes de servi\u00e7o. O cronograma segue crit\u00e9rios t\u00e9cnicos, priorizando locais com maior necessidade de atua\u00e7\u00e3o e permitindo a continuidade das a\u00e7\u00f5es at\u00e9 a normaliza\u00e7\u00e3o das condi\u00e7\u00f5es das vias e dos espa\u00e7os p\u00fablicos.<\/p>\n","protected":false},"excerpt":{"rendered":"<p>Segundo informa\u00e7\u00f5es do site da Prefeitura de Juiz de Fora (PJF), o Departamento Municipal de Limpeza Urbana (Demlurb) d\u00e1 continuidade, nesta sexta-feira, 13, \u00e0s a\u00e7\u00f5es intensivas de limpeza em diferentes regi\u00f5es da cidade, mantendo as frentes de trabalho voltadas \u00e0 retirada de res\u00edduos e desobstru\u00e7\u00e3o de vias. Ao todo, 22 bairros est\u00e3o na programa\u00e7\u00e3o das [&hellip;]<\/p>\n","protected":false},"author":246,"featured_media":232646,"comment_status":"closed","ping_status":"closed","sticky":false,"template":"","format":"standard","meta":{"footnotes":""},"categories":[253,436,440,439],"tags":[],"class_list":["post-232645","post","type-post","status-publish","format-standard","has-post-thumbnail","hentry","category-cidade","category-destaque-da-semana","category-destaques-do-dia","category-ultima-hora"],"_links":{"self":[{"href":"https:\/\/diarioregionaldigital.com.br\/index.php?rest_route=\/wp\/v2\/posts\/232645","targetHints":{"allow":["GET"]}}],"collection":[{"href":"https:\/\/diarioregionaldigital.com.br\/index.php?rest_route=\/wp\/v2\/posts"}],"about":[{"href":"https:\/\/diarioregionaldigital.com.br\/index.php?rest_route=\/wp\/v2\/types\/post"}],"author":[{"embeddable":true,"href":"https:\/\/diarioregionaldigital.com.br\/index.php?rest_route=\/wp\/v2\/users\/246"}],"replies":[{"embeddable":true,"href":"https:\/\/diarioregionaldigital.com.br\/index.php?rest_route=%2Fwp%2Fv2%2Fcomments&post=232645"}],"version-history":[{"count":1,"href":"https:\/\/diarioregionaldigital.com.br\/index.php?rest_route=\/wp\/v2\/posts\/232645\/revisions"}],"predecessor-version":[{"id":232647,"href":"https:\/\/diarioregionaldigital.com.br\/index.php?rest_route=\/wp\/v2\/posts\/232645\/revisions\/232647"}],"wp:featuredmedia":[{"embeddable":true,"href":"https:\/\/diarioregionaldigital.com.br\/index.php?rest_route=\/wp\/v2\/media\/232646"}],"wp:attachment":[{"href":"https:\/\/diarioregionaldigital.com.br\/index.php?rest_route=%2Fwp%2Fv2%2Fmedia&parent=232645"}],"wp:term":[{"taxonomy":"category","embeddable":true,"href":"https:\/\/diarioregionaldigital.com.br\/index.php?rest_route=%2Fwp%2Fv2%2Fcategories&post=232645"},{"taxonomy":"post_tag","embeddable":true,"href":"https:\/\/diarioregionaldigital.com.br\/index.php?rest_route=%2Fwp%2Fv2%2Ftags&post=232645"}],"curies":[{"name":"wp","href":"https:\/\/api.w.org\/{rel}","templated":true}]}}