{"id":232642,"date":"2026-03-13T18:30:28","date_gmt":"2026-03-13T21:30:28","guid":{"rendered":"https:\/\/diarioregionaldigital.com.br\/?p=232642"},"modified":"2026-03-13T18:30:28","modified_gmt":"2026-03-13T21:30:28","slug":"proteja-minas-governo-do-estado-lanca-unidade-movel-do-programa-para-ampliar-prevencao-a-violencia-contra-a-mulher","status":"publish","type":"post","link":"https:\/\/diarioregionaldigital.com.br\/?p=232642","title":{"rendered":"Proteja Minas: Governo do Estado lan\u00e7a unidade m\u00f3vel do programa para ampliar preven\u00e7\u00e3o \u00e0 viol\u00eancia contra a mulher"},"content":{"rendered":"<p>O <a href=\"https:\/\/www.mg.gov.br\/\" target=\"_blank\" rel=\"noopener\">Governo de Minas<\/a>, por meio da <a href=\"https:\/\/www.seguranca.mg.gov.br\/\" target=\"_blank\" rel=\"noopener\">Secretaria de Estado de Justi\u00e7a e Seguran\u00e7a P\u00fablica (Sejusp)<\/a>, lan\u00e7ou, nesta sexta-feira (13\/3), a Unidade M\u00f3vel de Preven\u00e7\u00e3o \u00e0 Criminalidade do programa Proteja Minas.<\/p>\n<p>A iniciativa refor\u00e7a as a\u00e7\u00f5es de preven\u00e7\u00e3o e combate \u00e0 viol\u00eancia contra mulheres e meninas no estado, levando atendimento, orienta\u00e7\u00e3o e atividades educativas a territ\u00f3rios vulner\u00e1veis e facilitando o acesso da popula\u00e7\u00e3o \u00e0 rede de prote\u00e7\u00e3o.<\/p>\n<p>Executado pela Subsecretaria de Preven\u00e7\u00e3o Social \u00e0 Criminalidade (Supec), o Proteja Minas reafirma o compromisso do Governo do Estado com a prote\u00e7\u00e3o integral.<\/p>\n<p>O programa atua de forma estruturada e intersetorial na preven\u00e7\u00e3o da viol\u00eancia de g\u00eanero, com iniciativas que v\u00e3o da conscientiza\u00e7\u00e3o da sociedade ao atendimento especializado a mulheres em situa\u00e7\u00e3o de viol\u00eancia.<\/p>\n<p>A Unidade M\u00f3vel integra a metodologia do programa e funciona como um espa\u00e7o itinerante de acolhimento e orienta\u00e7\u00e3o. O objetivo \u00e9 levar os servi\u00e7os das Unidades de Preven\u00e7\u00e3o \u00e0 Criminalidade (UPCs) para diferentes regi\u00f5es, ampliando o acesso da popula\u00e7\u00e3o.<\/p>\n<p><strong>Como funciona<\/strong><\/p>\n<p>A van circular\u00e1 pelos munic\u00edpios e ficar\u00e1 instalada por determinado per\u00edodo em territ\u00f3rios definidos a partir da an\u00e1lise dos \u00edndices de viol\u00eancia contra a mulher e da articula\u00e7\u00e3o com a rede local.<\/p>\n<p>Os atendimentos podem ocorrer de forma espont\u00e2nea, quando a mulher procura diretamente a Base M\u00f3vel, ou por encaminhamento de servi\u00e7os j\u00e1 existentes no territ\u00f3rio. O atendimento \u00e9 destinado a toda mulher ou menina que necessite de orienta\u00e7\u00e3o ou acolhimento.<\/p>\n<p><strong>Equipe multidisciplinar<\/strong><\/p>\n<p>Os atendimentos ser\u00e3o realizados por equipes de analistas sociais formadas por profissionais de \u00e1reas como psicologia, servi\u00e7o social e direito. A unidade m\u00f3vel contar\u00e1 sempre com duas analistas de refer\u00eancia respons\u00e1veis pelos atendimentos.<\/p>\n<p>Al\u00e9m do acolhimento individual, a equipe tamb\u00e9m promover\u00e1 a\u00e7\u00f5es de mobiliza\u00e7\u00e3o comunit\u00e1ria e conscientiza\u00e7\u00e3o sobre a preven\u00e7\u00e3o da viol\u00eancia de g\u00eanero, como palestras, rodas de conversa e distribui\u00e7\u00e3o de materiais informativos.<\/p>\n<p>De acordo com a subsecret\u00e1ria de Preven\u00e7\u00e3o Social \u00e0 Criminalidade da Sejusp, Christiana Dornas, a iniciativa amplia a capacidade do Estado de alcan\u00e7ar mulheres que muitas vezes t\u00eam dificuldade de acessar os servi\u00e7os.<\/p>\n<p>\u201cA unidade m\u00f3vel permite que o Proteja Minas esteja presente onde as mulheres est\u00e3o, levando acolhimento, orienta\u00e7\u00e3o e informa\u00e7\u00e3o para fortalecer a preven\u00e7\u00e3o e garantir que elas conhe\u00e7am seus direitos e os caminhos de prote\u00e7\u00e3o\u201d, destacou.<\/p>\n<p>A previs\u00e3o \u00e9 que a unidade m\u00f3vel comece os atendimentos em Belo Horizonte, nas regi\u00f5es do Aglomerado da Serra e da Pedreira Prado Lopes, passando por outros territ\u00f3rios ao longo de 2026.<\/p>\n<p>Ainda neste ano, est\u00e1 prevista a chegada de uma Unidade M\u00f3vel em Ub\u00e1, que atender\u00e1 o munic\u00edpio e cidades da Zona da Mata. Outra unidade est\u00e1 prevista para 2027, ampliando o atendimento no interior do estado.<\/p>\n<p>&nbsp;<\/p>\n<p>Fonte: Ag\u00eancia Minas<\/p>\n","protected":false},"excerpt":{"rendered":"<p>O Governo de Minas, por meio da Secretaria de Estado de Justi\u00e7a e Seguran\u00e7a P\u00fablica (Sejusp), lan\u00e7ou, nesta sexta-feira (13\/3), a Unidade M\u00f3vel de Preven\u00e7\u00e3o \u00e0 Criminalidade do programa Proteja Minas. A iniciativa refor\u00e7a as a\u00e7\u00f5es de preven\u00e7\u00e3o e combate \u00e0 viol\u00eancia contra mulheres e meninas no estado, levando atendimento, orienta\u00e7\u00e3o e atividades educativas a [&hellip;]<\/p>\n","protected":false},"author":246,"featured_media":232643,"comment_status":"closed","ping_status":"closed","sticky":false,"template":"","format":"standard","meta":{"footnotes":""},"categories":[436,440,261,254,439],"tags":[],"class_list":["post-232642","post","type-post","status-publish","format-standard","has-post-thumbnail","hentry","category-destaque-da-semana","category-destaques-do-dia","category-economia","category-politica","category-ultima-hora"],"_links":{"self":[{"href":"https:\/\/diarioregionaldigital.com.br\/index.php?rest_route=\/wp\/v2\/posts\/232642","targetHints":{"allow":["GET"]}}],"collection":[{"href":"https:\/\/diarioregionaldigital.com.br\/index.php?rest_route=\/wp\/v2\/posts"}],"about":[{"href":"https:\/\/diarioregionaldigital.com.br\/index.php?rest_route=\/wp\/v2\/types\/post"}],"author":[{"embeddable":true,"href":"https:\/\/diarioregionaldigital.com.br\/index.php?rest_route=\/wp\/v2\/users\/246"}],"replies":[{"embeddable":true,"href":"https:\/\/diarioregionaldigital.com.br\/index.php?rest_route=%2Fwp%2Fv2%2Fcomments&post=232642"}],"version-history":[{"count":1,"href":"https:\/\/diarioregionaldigital.com.br\/index.php?rest_route=\/wp\/v2\/posts\/232642\/revisions"}],"predecessor-version":[{"id":232644,"href":"https:\/\/diarioregionaldigital.com.br\/index.php?rest_route=\/wp\/v2\/posts\/232642\/revisions\/232644"}],"wp:featuredmedia":[{"embeddable":true,"href":"https:\/\/diarioregionaldigital.com.br\/index.php?rest_route=\/wp\/v2\/media\/232643"}],"wp:attachment":[{"href":"https:\/\/diarioregionaldigital.com.br\/index.php?rest_route=%2Fwp%2Fv2%2Fmedia&parent=232642"}],"wp:term":[{"taxonomy":"category","embeddable":true,"href":"https:\/\/diarioregionaldigital.com.br\/index.php?rest_route=%2Fwp%2Fv2%2Fcategories&post=232642"},{"taxonomy":"post_tag","embeddable":true,"href":"https:\/\/diarioregionaldigital.com.br\/index.php?rest_route=%2Fwp%2Fv2%2Ftags&post=232642"}],"curies":[{"name":"wp","href":"https:\/\/api.w.org\/{rel}","templated":true}]}}