{"id":232636,"date":"2026-03-12T20:50:23","date_gmt":"2026-03-12T23:50:23","guid":{"rendered":"https:\/\/diarioregionaldigital.com.br\/?p=232636"},"modified":"2026-03-12T20:50:23","modified_gmt":"2026-03-12T23:50:23","slug":"genetica-alem-do-dna-existe-algo-a-mais-na-historia-da-vida","status":"publish","type":"post","link":"https:\/\/diarioregionaldigital.com.br\/?p=232636","title":{"rendered":"Gen\u00e9tica al\u00e9m do DNA: existe algo a mais na hist\u00f3ria da vida?"},"content":{"rendered":"<p class=\"s4\">Durante d\u00e9cadas, aprendemos que o DNA \u00e9 o \u201clivro da vida\u201d. Tudo estaria ali, gravado nas famosas letras A, T, C e G. Mas as descobertas cient\u00edficas mais recentes mostram que essa explica\u00e7\u00e3o \u00e9 apenas o come\u00e7o da hist\u00f3ria.<\/p>\n<p class=\"s4\">A ci\u00eancia descreve com precis\u00e3o os mecanismos f\u00edsicos envolvidos, e isso \u00e9 fundamental. No entanto, \u00e0 medida que as investiga\u00e7\u00f5es avan\u00e7am, em vez de simplificar a explica\u00e7\u00e3o da vida, as descobertas ampliam a constata\u00e7\u00e3o de seu n\u00edvel de sofistica\u00e7\u00e3o, que foge completamente a esquemas simpl\u00f3rios.<\/p>\n<p class=\"s4\">Hoje se sabe que n\u00e3o basta ter o c\u00f3digo gen\u00e9tico; \u00e9 preciso entender como ele \u00e9 organizado e lido, quando \u00e9 ativado e quem coordena esse processo. \u00c9 a\u00ed que entram as pesquisas sobre regula\u00e7\u00e3o gen\u00e9tica e epigen\u00e9tica, que revelam mecanismos capazes de ligar e desligar genes sem alterar a sequ\u00eancia do DNA. Duas c\u00e9lulas podem ter exatamente o mesmo c\u00f3digo e, ainda assim, funcionar de maneiras completamente diferentes. A distin\u00e7\u00e3o est\u00e1 nos sistemas de controle.<\/p>\n<p class=\"s4\">Isso leva a uma quest\u00e3o mais profunda: se o DNA \u00e9 como um texto, \u201calgu\u00e9m\u201d precisa organizar as frases a fim de dar sentido \u00e0 sua leitura. As mesmas palavras, quando dispostas em ordem e contexto distintos, produzem informa\u00e7\u00f5es totalmente diferentes. Assim como a informa\u00e7\u00e3o n\u00e3o \u00e9 a mesma coisa que mat\u00e9ria, e um livro n\u00e3o \u00e9 apenas papel e tinta, questionamos quem escreveu a mensagem que encontramos organizada ali. A vida depende n\u00e3o apenas da qu\u00edmica, mas da organiza\u00e7\u00e3o extremamente precisa dessa qu\u00edmica.<\/p>\n<p class=\"s4\">Sabemos que a c\u00e9lula n\u00e3o funciona como um amontoado de mol\u00e9culas reagindo ao acaso. Ela opera como um sistema integrado, com m\u00faltiplos n\u00edveis de coordena\u00e7\u00e3o. O DNA depende de sinais, estruturas e processos que determinam quando e como cada parte ser\u00e1 utilizada. Existem redes que coordenam milhares de genes simultaneamente. Pequenas altera\u00e7\u00f5es em sistemas de controle podem transformar totalmente o comportamento celular.<\/p>\n<p class=\"s4\">A base da vida se organiza em estruturas tridimensionais altamente reguladas e, quanto mais a ci\u00eancia avan\u00e7a, mais complexos o DNA e a c\u00e9lula se revelam.<\/p>\n<p class=\"s4\">\u00c0 vista do exposto, permanece uma pergunta que vai al\u00e9m da descri\u00e7\u00e3o: de onde vem tanta informa\u00e7\u00e3o organizada? Como sistemas t\u00e3o integrados surgiram e passaram a operar de forma t\u00e3o coordenada?<\/p>\n<p class=\"s4\">As respostas tradicionais apontam para processos naturais n\u00e3o direcionados ao longo do tempo. Mas, diante da crescente complexidade revelada pela biologia, muitos veem sinais de que a vida carrega caracter\u00edsticas t\u00edpicas de sistemas que, em qualquer outro contexto, associar\u00edamos a planejamento e prop\u00f3sito.<\/p>\n<p class=\"s5\">\n","protected":false},"excerpt":{"rendered":"<p>Durante d\u00e9cadas, aprendemos que o DNA \u00e9 o \u201clivro da vida\u201d. Tudo estaria ali, gravado nas famosas letras A, T, C e G. Mas as descobertas cient\u00edficas mais recentes mostram que essa explica\u00e7\u00e3o \u00e9 apenas o come\u00e7o da hist\u00f3ria. A ci\u00eancia descreve com precis\u00e3o os mecanismos f\u00edsicos envolvidos, e isso \u00e9 fundamental. No entanto, \u00e0 [&hellip;]<\/p>\n","protected":false},"author":246,"featured_media":0,"comment_status":"closed","ping_status":"closed","sticky":false,"template":"","format":"standard","meta":{"footnotes":""},"categories":[1244],"tags":[],"class_list":["post-232636","post","type-post","status-publish","format-standard","hentry","category-oleg-abramov"],"_links":{"self":[{"href":"https:\/\/diarioregionaldigital.com.br\/index.php?rest_route=\/wp\/v2\/posts\/232636","targetHints":{"allow":["GET"]}}],"collection":[{"href":"https:\/\/diarioregionaldigital.com.br\/index.php?rest_route=\/wp\/v2\/posts"}],"about":[{"href":"https:\/\/diarioregionaldigital.com.br\/index.php?rest_route=\/wp\/v2\/types\/post"}],"author":[{"embeddable":true,"href":"https:\/\/diarioregionaldigital.com.br\/index.php?rest_route=\/wp\/v2\/users\/246"}],"replies":[{"embeddable":true,"href":"https:\/\/diarioregionaldigital.com.br\/index.php?rest_route=%2Fwp%2Fv2%2Fcomments&post=232636"}],"version-history":[{"count":1,"href":"https:\/\/diarioregionaldigital.com.br\/index.php?rest_route=\/wp\/v2\/posts\/232636\/revisions"}],"predecessor-version":[{"id":232638,"href":"https:\/\/diarioregionaldigital.com.br\/index.php?rest_route=\/wp\/v2\/posts\/232636\/revisions\/232638"}],"wp:attachment":[{"href":"https:\/\/diarioregionaldigital.com.br\/index.php?rest_route=%2Fwp%2Fv2%2Fmedia&parent=232636"}],"wp:term":[{"taxonomy":"category","embeddable":true,"href":"https:\/\/diarioregionaldigital.com.br\/index.php?rest_route=%2Fwp%2Fv2%2Fcategories&post=232636"},{"taxonomy":"post_tag","embeddable":true,"href":"https:\/\/diarioregionaldigital.com.br\/index.php?rest_route=%2Fwp%2Fv2%2Ftags&post=232636"}],"curies":[{"name":"wp","href":"https:\/\/api.w.org\/{rel}","templated":true}]}}