{"id":232634,"date":"2026-03-12T20:49:24","date_gmt":"2026-03-12T23:49:24","guid":{"rendered":"https:\/\/diarioregionaldigital.com.br\/?p=232634"},"modified":"2026-03-12T20:49:24","modified_gmt":"2026-03-12T23:49:24","slug":"a-milagrosa-inflacao-cosmica","status":"publish","type":"post","link":"https:\/\/diarioregionaldigital.com.br\/?p=232634","title":{"rendered":"A milagrosa infla\u00e7\u00e3o c\u00f3smica"},"content":{"rendered":"<p class=\"s3\">\n<p class=\"s4\">A infla\u00e7\u00e3o c\u00f3smica foi introduzida para salvar o modelo do Big Bang de problemas que ele pr\u00f3prio n\u00e3o conseguia resolver, como a uniformidade extrema da radia\u00e7\u00e3o c\u00f3smica de fundo e a impressionante planura geom\u00e9trica do universo. Observa\u00e7\u00f5es conduzidas por ag\u00eancias como a NASA e a ESA mostraram que regi\u00f5es extremamente distantes do cosmos possuem praticamente a mesma temperatura, apesar de, segundo o cen\u00e1rio original, nunca terem estado em contato causal. A solu\u00e7\u00e3o proposta foi postular uma fase de expans\u00e3o exponencial ultrarr\u00e1pida nos primeiros instantes da exist\u00eancia c\u00f3smica.<\/p>\n<p class=\"s4\">O problema \u00e9 que essa \u201csolu\u00e7\u00e3o\u201d depende de um campo hipot\u00e9tico (o inflaton) cuja natureza permanece desconhecida e n\u00e3o h\u00e1 qualquer evid\u00eancia f\u00e1tica quanto a sua exist\u00eancia. Para que a infla\u00e7\u00e3o funcione, o potencial desse campo precisa ser ajustado com precis\u00e3o extraordin\u00e1ria. Ou seja, para explicar o ajuste fino inicial do universo, a teoria introduz um mecanismo que tamb\u00e9m exige ajuste fino. O enigma n\u00e3o desaparece; apenas muda de lugar.<\/p>\n<p class=\"s4\">Al\u00e9m disso, a multiplica\u00e7\u00e3o de vers\u00f5es da infla\u00e7\u00e3o, algumas inclusive fabulando sobre a hip\u00f3tese de multiverso, sugere um modelo flex\u00edvel demais, capaz de acomodar praticamente qualquer dado observacional. Quando uma teoria se adapta a todos os resultados poss\u00edveis, seu poder explicativo se anula.<\/p>\n<p class=\"s4\">Na verdade, o universo apresenta sinais de ordem inicial extremamente precisa, e as tentativas de explic\u00e1-la por processos puramente impessoais recorrem a entidades hipot\u00e9ticas e cen\u00e1rios cada vez mais especulativos. A infla\u00e7\u00e3o n\u00e3o elimina o mist\u00e9rio do ajuste c\u00f3smico; ela o pressup\u00f5e em n\u00edvel ainda mais delicado. Se a explica\u00e7\u00e3o natural exige camadas sucessivas de hip\u00f3teses invis\u00edveis para sustentar-se, torna-se leg\u00edtimo questionar se o problema n\u00e3o est\u00e1 no pr\u00f3prio paradigma materialista que se recusa, por princ\u00edpio, a considerar a possibilidade de prop\u00f3sito na origem do cosmos.<\/p>\n<p class=\"s5\">\n","protected":false},"excerpt":{"rendered":"<p>A infla\u00e7\u00e3o c\u00f3smica foi introduzida para salvar o modelo do Big Bang de problemas que ele pr\u00f3prio n\u00e3o conseguia resolver, como a uniformidade extrema da radia\u00e7\u00e3o c\u00f3smica de fundo e a impressionante planura geom\u00e9trica do universo. Observa\u00e7\u00f5es conduzidas por ag\u00eancias como a NASA e a ESA mostraram que regi\u00f5es extremamente distantes do cosmos possuem praticamente [&hellip;]<\/p>\n","protected":false},"author":246,"featured_media":0,"comment_status":"closed","ping_status":"closed","sticky":false,"template":"","format":"standard","meta":{"footnotes":""},"categories":[1244],"tags":[],"class_list":["post-232634","post","type-post","status-publish","format-standard","hentry","category-oleg-abramov"],"_links":{"self":[{"href":"https:\/\/diarioregionaldigital.com.br\/index.php?rest_route=\/wp\/v2\/posts\/232634","targetHints":{"allow":["GET"]}}],"collection":[{"href":"https:\/\/diarioregionaldigital.com.br\/index.php?rest_route=\/wp\/v2\/posts"}],"about":[{"href":"https:\/\/diarioregionaldigital.com.br\/index.php?rest_route=\/wp\/v2\/types\/post"}],"author":[{"embeddable":true,"href":"https:\/\/diarioregionaldigital.com.br\/index.php?rest_route=\/wp\/v2\/users\/246"}],"replies":[{"embeddable":true,"href":"https:\/\/diarioregionaldigital.com.br\/index.php?rest_route=%2Fwp%2Fv2%2Fcomments&post=232634"}],"version-history":[{"count":1,"href":"https:\/\/diarioregionaldigital.com.br\/index.php?rest_route=\/wp\/v2\/posts\/232634\/revisions"}],"predecessor-version":[{"id":232635,"href":"https:\/\/diarioregionaldigital.com.br\/index.php?rest_route=\/wp\/v2\/posts\/232634\/revisions\/232635"}],"wp:attachment":[{"href":"https:\/\/diarioregionaldigital.com.br\/index.php?rest_route=%2Fwp%2Fv2%2Fmedia&parent=232634"}],"wp:term":[{"taxonomy":"category","embeddable":true,"href":"https:\/\/diarioregionaldigital.com.br\/index.php?rest_route=%2Fwp%2Fv2%2Fcategories&post=232634"},{"taxonomy":"post_tag","embeddable":true,"href":"https:\/\/diarioregionaldigital.com.br\/index.php?rest_route=%2Fwp%2Fv2%2Ftags&post=232634"}],"curies":[{"name":"wp","href":"https:\/\/api.w.org\/{rel}","templated":true}]}}