{"id":232631,"date":"2026-03-12T20:34:55","date_gmt":"2026-03-12T23:34:55","guid":{"rendered":"https:\/\/diarioregionaldigital.com.br\/?p=232631"},"modified":"2026-03-12T20:34:55","modified_gmt":"2026-03-12T23:34:55","slug":"unidade-movel-do-programa-agora-tem-especialistas-passa-a-oferecer-exames-de-ultrassom","status":"publish","type":"post","link":"https:\/\/diarioregionaldigital.com.br\/?p=232631","title":{"rendered":"Unidade m\u00f3vel do programa &#8220;Agora Tem Especialistas&#8221; passa a oferecer exames de ultrassom"},"content":{"rendered":"<p>Segundo informa\u00e7\u00f5es do site da Prefeitura de Juiz de Fora (PJF), a unidade m\u00f3vel do programa <a href=\"https:\/\/www.gov.br\/saude\/pt-br\/composicao\/saes\/agora-tem-especialistas\"><strong>\u201cAgora Tem Especialistas\u201d<\/strong><\/a>, iniciativa do Governo Federal voltada \u00e0 redu\u00e7\u00e3o das filas de espera por especialidades, passa a ofertar tamb\u00e9m exames de ultrassonografia da pr\u00f3stata e do aparelho urin\u00e1rio para pacientes previamente agendados. Ao todo, ser\u00e3o ofertados 140 procedimentos por dia. Equipes de sa\u00fade da Prefeitura de Juiz de Fora (PJF) destacam que o atendimento \u00e9 voltado a pacientes previamente agendados, e os contatos j\u00e1 se iniciaram na ter\u00e7a-feira, 11. Desde o in\u00edcio da a\u00e7\u00e3o, cerca de 318 exames j\u00e1 foram realizados.<\/p>\n<p>A amplia\u00e7\u00e3o da oferta de servi\u00e7os soma-se aos atendimentos de tomografia j\u00e1 realizados no local. <a href=\"https:\/\/www.pjf.mg.gov.br\/noticias\/view.php?modo=link2&amp;idnoticia2=88561\"><strong>Atualmente, o equipamento disponibiliza 57 exames tomogr\u00e1ficos por dia<\/strong><\/a>, contribuindo para a redu\u00e7\u00e3o das filas de espera e amplia\u00e7\u00e3o do acesso da popula\u00e7\u00e3o a diagn\u00f3sticos especializados. A estrutura est\u00e1 instalada na Pra\u00e7a Tarc\u00edsio Delgado, antiga Pra\u00e7a Ant\u00f4nio Carlos (PAC), onde funciona desde a \u00faltima sexta-feira, 6.<\/p>\n<p><strong>Equipes da Secretaria de Sa\u00fade realizam contato pr\u00e9vio para agendamento dos usu\u00e1rios<\/strong><\/p>\n<p>A Secretaria de Sa\u00fade (SS) refor\u00e7a que o atendimento ocorre exclusivamente para pacientes previamente agendados. Equipes da Secretaria realizam contato por telefone com os usu\u00e1rios selecionados, informando data e hor\u00e1rio de seus procedimentos na unidade m\u00f3vel. <strong>N\u00e3o h\u00e1 livre demanda, ou seja, n\u00e3o \u00e9 poss\u00edvel buscar atendimento direto no local sem agendamento pr\u00e9vio.<\/strong> Confira abaixo os quatro \u00faltimos d\u00edgitos dos telefones oficiais utilizados pela Secretaria de Sa\u00fade para os agendamentos:<\/p>\n<p>32 9****3128<\/p>\n<p>32 9****0411<\/p>\n<p>32 9****5062<\/p>\n<p>32 9****9323<\/p>\n<p><strong>Sobre o programa &#8220;Agora Tem Especialistas&#8221;<\/strong><\/p>\n<p>Lan\u00e7ado pelo Minist\u00e9rio da Sa\u00fade (MS), o \u201cAgora Tem Especialistas\u201d leva atendimento especializado a diferentes regi\u00f5es do pa\u00eds por meio de unidades m\u00f3veis equipadas com consult\u00f3rios, salas de exames e equipes multiprofissionais. A iniciativa \u00e9 uma das principais estrat\u00e9gias federais para fortalecer a rede de m\u00e9dia e alta complexidade do Sistema \u00danico de Sa\u00fade (SUS), ampliando consultas, diagn\u00f3sticos e pequenos procedimentos.<\/p>\n<p>Em Juiz de Fora, a a\u00e7\u00e3o representa um avan\u00e7o importante na aten\u00e7\u00e3o \u00e0 sa\u00fade, refor\u00e7ando a integra\u00e7\u00e3o entre as redes federal e municipal e reafirmando o compromisso conjunto do Governo Federal e da PJF com uma sa\u00fade p\u00fablica mais acess\u00edvel, humanizada e resolutiva.<\/p>\n","protected":false},"excerpt":{"rendered":"<p>Segundo informa\u00e7\u00f5es do site da Prefeitura de Juiz de Fora (PJF), a unidade m\u00f3vel do programa \u201cAgora Tem Especialistas\u201d, iniciativa do Governo Federal voltada \u00e0 redu\u00e7\u00e3o das filas de espera por especialidades, passa a ofertar tamb\u00e9m exames de ultrassonografia da pr\u00f3stata e do aparelho urin\u00e1rio para pacientes previamente agendados. Ao todo, ser\u00e3o ofertados 140 procedimentos [&hellip;]<\/p>\n","protected":false},"author":246,"featured_media":232632,"comment_status":"closed","ping_status":"closed","sticky":false,"template":"","format":"standard","meta":{"footnotes":""},"categories":[253,436,440,439],"tags":[],"class_list":["post-232631","post","type-post","status-publish","format-standard","has-post-thumbnail","hentry","category-cidade","category-destaque-da-semana","category-destaques-do-dia","category-ultima-hora"],"_links":{"self":[{"href":"https:\/\/diarioregionaldigital.com.br\/index.php?rest_route=\/wp\/v2\/posts\/232631","targetHints":{"allow":["GET"]}}],"collection":[{"href":"https:\/\/diarioregionaldigital.com.br\/index.php?rest_route=\/wp\/v2\/posts"}],"about":[{"href":"https:\/\/diarioregionaldigital.com.br\/index.php?rest_route=\/wp\/v2\/types\/post"}],"author":[{"embeddable":true,"href":"https:\/\/diarioregionaldigital.com.br\/index.php?rest_route=\/wp\/v2\/users\/246"}],"replies":[{"embeddable":true,"href":"https:\/\/diarioregionaldigital.com.br\/index.php?rest_route=%2Fwp%2Fv2%2Fcomments&post=232631"}],"version-history":[{"count":1,"href":"https:\/\/diarioregionaldigital.com.br\/index.php?rest_route=\/wp\/v2\/posts\/232631\/revisions"}],"predecessor-version":[{"id":232633,"href":"https:\/\/diarioregionaldigital.com.br\/index.php?rest_route=\/wp\/v2\/posts\/232631\/revisions\/232633"}],"wp:featuredmedia":[{"embeddable":true,"href":"https:\/\/diarioregionaldigital.com.br\/index.php?rest_route=\/wp\/v2\/media\/232632"}],"wp:attachment":[{"href":"https:\/\/diarioregionaldigital.com.br\/index.php?rest_route=%2Fwp%2Fv2%2Fmedia&parent=232631"}],"wp:term":[{"taxonomy":"category","embeddable":true,"href":"https:\/\/diarioregionaldigital.com.br\/index.php?rest_route=%2Fwp%2Fv2%2Fcategories&post=232631"},{"taxonomy":"post_tag","embeddable":true,"href":"https:\/\/diarioregionaldigital.com.br\/index.php?rest_route=%2Fwp%2Fv2%2Ftags&post=232631"}],"curies":[{"name":"wp","href":"https:\/\/api.w.org\/{rel}","templated":true}]}}