{"id":232628,"date":"2026-03-12T20:33:40","date_gmt":"2026-03-12T23:33:40","guid":{"rendered":"https:\/\/diarioregionaldigital.com.br\/?p=232628"},"modified":"2026-03-12T20:33:40","modified_gmt":"2026-03-12T23:33:40","slug":"sebeal-realiza-evento-de-adocao-de-animais-na-praca-ceu-neste-sabado-14","status":"publish","type":"post","link":"https:\/\/diarioregionaldigital.com.br\/?p=232628","title":{"rendered":"Sebeal realiza evento de ado\u00e7\u00e3o de animais na Pra\u00e7a CEU neste s\u00e1bado, 14"},"content":{"rendered":"<p>Segundo informa\u00e7\u00f5es do site da Prefeitura de Juiz de Fora (PJF), a PJF, por meio da Secretaria do Bem-Estar Animal (Sebeal), realiza neste s\u00e1bado, 14, das 9h \u00e0s 13h, o oitavo evento de ado\u00e7\u00e3o respons\u00e1vel de animais na Pra\u00e7a CEU. A a\u00e7\u00e3o integra a campanha \u201cMe Adota A\u00ed!\u201d, iniciativa da atual gest\u00e3o voltada a incentivar o acolhimento de c\u00e3es e gatos que aguardam por um lar e est\u00e3o sob os cuidados do Canil Municipal.<\/p>\n<p>Neste ano, 91 animais j\u00e1 foram adotados. Desse total, 44 ado\u00e7\u00f5es ocorreram durante os sete eventos j\u00e1 realizados e outras 47 foram efetivadas diretamente no Canil Municipal.<\/p>\n<p>Al\u00e9m da ado\u00e7\u00e3o, o evento oferecer\u00e1 vacina\u00e7\u00e3o antirr\u00e1bica e microchipagem de animais, servi\u00e7os gratuitos disponibilizados ao p\u00fablico. A iniciativa tamb\u00e9m permite que tutores atualizem o cart\u00e3o vacinal de seus pets e reforcem os cuidados com a sa\u00fade e a identifica\u00e7\u00e3o dos animais.<\/p>\n<p>Para adotar, \u00e9 necess\u00e1rio apresentar documento de identidade, CPF e comprovante de resid\u00eancia. O interessado passar\u00e1 por entrevista com a equipe t\u00e9cnica da Sebeal, que avaliar\u00e1 as condi\u00e7\u00f5es para a ado\u00e7\u00e3o respons\u00e1vel. Tamb\u00e9m \u00e9 necess\u00e1rio levar coleira ou caixa de transporte, garantindo o deslocamento seguro do animal adotado.<\/p>\n<p>Quem deseja adotar fora dos eventos pode visitar o Canil Municipal de segunda a sexta-feira, das 9h \u00e0s 10h30 e das 13h \u00e0s 15h30. Tamb\u00e9m \u00e9 poss\u00edvel agendar visitas em outros hor\u00e1rios pelo telefone <a href=\"tel:(32) 98416-3648\">(32) 98416-3648<\/a>. O Canil Municipal est\u00e1 localizado na Rua Bartolomeu dos Santos, 680, no bairro S\u00e3o Dami\u00e3o.<\/p>\n","protected":false},"excerpt":{"rendered":"<p>Segundo informa\u00e7\u00f5es do site da Prefeitura de Juiz de Fora (PJF), a PJF, por meio da Secretaria do Bem-Estar Animal (Sebeal), realiza neste s\u00e1bado, 14, das 9h \u00e0s 13h, o oitavo evento de ado\u00e7\u00e3o respons\u00e1vel de animais na Pra\u00e7a CEU. A a\u00e7\u00e3o integra a campanha \u201cMe Adota A\u00ed!\u201d, iniciativa da atual gest\u00e3o voltada a incentivar [&hellip;]<\/p>\n","protected":false},"author":246,"featured_media":232629,"comment_status":"closed","ping_status":"closed","sticky":false,"template":"","format":"standard","meta":{"footnotes":""},"categories":[253,436,440,439],"tags":[],"class_list":["post-232628","post","type-post","status-publish","format-standard","has-post-thumbnail","hentry","category-cidade","category-destaque-da-semana","category-destaques-do-dia","category-ultima-hora"],"_links":{"self":[{"href":"https:\/\/diarioregionaldigital.com.br\/index.php?rest_route=\/wp\/v2\/posts\/232628","targetHints":{"allow":["GET"]}}],"collection":[{"href":"https:\/\/diarioregionaldigital.com.br\/index.php?rest_route=\/wp\/v2\/posts"}],"about":[{"href":"https:\/\/diarioregionaldigital.com.br\/index.php?rest_route=\/wp\/v2\/types\/post"}],"author":[{"embeddable":true,"href":"https:\/\/diarioregionaldigital.com.br\/index.php?rest_route=\/wp\/v2\/users\/246"}],"replies":[{"embeddable":true,"href":"https:\/\/diarioregionaldigital.com.br\/index.php?rest_route=%2Fwp%2Fv2%2Fcomments&post=232628"}],"version-history":[{"count":1,"href":"https:\/\/diarioregionaldigital.com.br\/index.php?rest_route=\/wp\/v2\/posts\/232628\/revisions"}],"predecessor-version":[{"id":232630,"href":"https:\/\/diarioregionaldigital.com.br\/index.php?rest_route=\/wp\/v2\/posts\/232628\/revisions\/232630"}],"wp:featuredmedia":[{"embeddable":true,"href":"https:\/\/diarioregionaldigital.com.br\/index.php?rest_route=\/wp\/v2\/media\/232629"}],"wp:attachment":[{"href":"https:\/\/diarioregionaldigital.com.br\/index.php?rest_route=%2Fwp%2Fv2%2Fmedia&parent=232628"}],"wp:term":[{"taxonomy":"category","embeddable":true,"href":"https:\/\/diarioregionaldigital.com.br\/index.php?rest_route=%2Fwp%2Fv2%2Fcategories&post=232628"},{"taxonomy":"post_tag","embeddable":true,"href":"https:\/\/diarioregionaldigital.com.br\/index.php?rest_route=%2Fwp%2Fv2%2Ftags&post=232628"}],"curies":[{"name":"wp","href":"https:\/\/api.w.org\/{rel}","templated":true}]}}