{"id":232622,"date":"2026-03-12T20:28:56","date_gmt":"2026-03-12T23:28:56","guid":{"rendered":"https:\/\/diarioregionaldigital.com.br\/?p=232622"},"modified":"2026-03-12T20:28:56","modified_gmt":"2026-03-12T23:28:56","slug":"vice-governador-anuncia-investimentos-na-area-da-saude-para-o-triangulo-mineiro","status":"publish","type":"post","link":"https:\/\/diarioregionaldigital.com.br\/?p=232622","title":{"rendered":"Vice-governador anuncia investimentos na \u00e1rea da sa\u00fade para o Tri\u00e2ngulo Mineiro"},"content":{"rendered":"<p>O vice-governador Mateus Sim\u00f5es esteve nesta quinta-feira (12\/3) em Uberl\u00e2ndia, no Tri\u00e2ngulo Mineiro, onde anunciou investimentos significativos para a sa\u00fade da regi\u00e3o. Acompanhado pelo secret\u00e1rio de Estado de <a href=\"https:\/\/www.governo.mg.gov.br\/\" target=\"_blank\" rel=\"noopener\">Governo<\/a>, Marcelo Aro, o deputado federal Nikolas Ferreira e outras autoridades, Sim\u00f5es detalhou o investimento.<\/p>\n<p>\u201cEstamos aqui para anunciar o repasse de R$ 7,2 milh\u00f5es para o Hospital do C\u00e2ncer de Uberl\u00e2ndia. Isso vai significar condi\u00e7\u00f5es melhores de atendimento dos pacientes por conta de equipamentos e estrutura. N\u00f3s sabemos como o c\u00e2ncer \u00e9 doloroso para a popula\u00e7\u00e3o, ent\u00e3o, \u00e9 um investimento muito importante\u201d, explicou.<\/p>\n<p><strong>Ituiutaba<\/strong><\/p>\n<p>Ituiutaba ser\u00e1 beneficiada com R$ 2 milh\u00f5es para o Hospital S\u00e3o Jos\u00e9, um dos maiores da cidade. &#8220;Ituiutaba est\u00e1 se desenvolvendo e precisa de apoio at\u00e9 para desafogar Uberl\u00e2ndia e poder se tornar mais um polo aqui no Tri\u00e2ngulo Norte&#8221;, explicou o vice-governador.<\/p>\n<p><strong>Iturama<\/strong><\/p>\n<p>J\u00e1 Iturama ganhar\u00e1 um centro de apoio para Transtorno do Espectro Autista (TEA) e Triagem Infantil para Autismo (TriA), com R$ 2 milh\u00f5es de investimento.<\/p>\n<p>\u201cTodo o <a href=\"https:\/\/www.mg.gov.br\/\" target=\"_blank\" rel=\"noopener\">Governo de Minas<\/a> est\u00e1 ciente e disposto a contribuir para as pessoas autistas. Estamos direcionando R$ 2 milh\u00f5es para a constru\u00e7\u00e3o do centro de apoio, para que elas possam se sentir acolhidas, fazerem atividades e se desenvolverem melhor para o mundo\u201d, pontuou o vice-governador.<\/p>\n<p>&nbsp;<\/p>\n<p>Fonte: Ag\u00eancia Minas<\/p>\n","protected":false},"excerpt":{"rendered":"<p>O vice-governador Mateus Sim\u00f5es esteve nesta quinta-feira (12\/3) em Uberl\u00e2ndia, no Tri\u00e2ngulo Mineiro, onde anunciou investimentos significativos para a sa\u00fade da regi\u00e3o. Acompanhado pelo secret\u00e1rio de Estado de Governo, Marcelo Aro, o deputado federal Nikolas Ferreira e outras autoridades, Sim\u00f5es detalhou o investimento. \u201cEstamos aqui para anunciar o repasse de R$ 7,2 milh\u00f5es para o [&hellip;]<\/p>\n","protected":false},"author":246,"featured_media":232623,"comment_status":"closed","ping_status":"closed","sticky":false,"template":"","format":"standard","meta":{"footnotes":""},"categories":[436,440,261,254,439],"tags":[],"class_list":["post-232622","post","type-post","status-publish","format-standard","has-post-thumbnail","hentry","category-destaque-da-semana","category-destaques-do-dia","category-economia","category-politica","category-ultima-hora"],"_links":{"self":[{"href":"https:\/\/diarioregionaldigital.com.br\/index.php?rest_route=\/wp\/v2\/posts\/232622","targetHints":{"allow":["GET"]}}],"collection":[{"href":"https:\/\/diarioregionaldigital.com.br\/index.php?rest_route=\/wp\/v2\/posts"}],"about":[{"href":"https:\/\/diarioregionaldigital.com.br\/index.php?rest_route=\/wp\/v2\/types\/post"}],"author":[{"embeddable":true,"href":"https:\/\/diarioregionaldigital.com.br\/index.php?rest_route=\/wp\/v2\/users\/246"}],"replies":[{"embeddable":true,"href":"https:\/\/diarioregionaldigital.com.br\/index.php?rest_route=%2Fwp%2Fv2%2Fcomments&post=232622"}],"version-history":[{"count":1,"href":"https:\/\/diarioregionaldigital.com.br\/index.php?rest_route=\/wp\/v2\/posts\/232622\/revisions"}],"predecessor-version":[{"id":232624,"href":"https:\/\/diarioregionaldigital.com.br\/index.php?rest_route=\/wp\/v2\/posts\/232622\/revisions\/232624"}],"wp:featuredmedia":[{"embeddable":true,"href":"https:\/\/diarioregionaldigital.com.br\/index.php?rest_route=\/wp\/v2\/media\/232623"}],"wp:attachment":[{"href":"https:\/\/diarioregionaldigital.com.br\/index.php?rest_route=%2Fwp%2Fv2%2Fmedia&parent=232622"}],"wp:term":[{"taxonomy":"category","embeddable":true,"href":"https:\/\/diarioregionaldigital.com.br\/index.php?rest_route=%2Fwp%2Fv2%2Fcategories&post=232622"},{"taxonomy":"post_tag","embeddable":true,"href":"https:\/\/diarioregionaldigital.com.br\/index.php?rest_route=%2Fwp%2Fv2%2Ftags&post=232622"}],"curies":[{"name":"wp","href":"https:\/\/api.w.org\/{rel}","templated":true}]}}