{"id":232618,"date":"2026-03-12T14:01:16","date_gmt":"2026-03-12T17:01:16","guid":{"rendered":"https:\/\/diarioregionaldigital.com.br\/?p=232618"},"modified":"2026-03-12T14:01:16","modified_gmt":"2026-03-12T17:01:16","slug":"extrato-de-segundo-termo-aditivo-de-contrato-12-03-2026","status":"publish","type":"post","link":"https:\/\/diarioregionaldigital.com.br\/?p=232618","title":{"rendered":"EXTRATO DE SEGUNDO TERMO ADITIVO DE CONTRATO &#8211; 12\/03\/2026"},"content":{"rendered":"<p class=\"s3\"><span class=\"s2\"><span class=\"bumpedFont17\">EXTRATO<\/span><\/span> <span class=\"s2\"><span class=\"bumpedFont17\">DE <\/span><\/span><span class=\"s2\"><span class=\"bumpedFont17\">SEGUNDO<\/span><\/span> <span class=\"s2\"><span class=\"bumpedFont17\">TERMO ADITIVO<\/span><\/span><span class=\"s2\"><span class=\"bumpedFont17\"> DE CONTRATO<\/span><\/span><\/p>\n<p class=\"s4\"><span class=\"s2\"><span class=\"bumpedFont17\">2<\/span><\/span><span class=\"s2\"><span class=\"bumpedFont17\">\u00ba<\/span><\/span><span class=\"s2\"><span class=\"bumpedFont17\"> Termo Aditivo. <\/span><\/span><span class=\"s2\"><span class=\"bumpedFont17\">Pref. Municipal de Descoberto x <\/span><\/span><span class=\"s2\"><span class=\"bumpedFont17\">CLINICA <\/span><\/span><span class=\"s2\"><span class=\"bumpedFont17\">CCESAR SERVI\u00c7OS M\u00c9DICOS <\/span><\/span><span class=\"s2\"><span class=\"bumpedFont17\">LTDA<\/span><\/span><span class=\"s2\"><span class=\"bumpedFont17\">&#8211; <\/span><\/span><span class=\"s2\"><span class=\"bumpedFont17\">Objeto: <\/span><\/span><span class=\"s2\"><span class=\"bumpedFont17\">Constitui objeto do <\/span><\/span><span class=\"s2\"><span class=\"bumpedFont17\">presente <\/span><\/span><span class=\"s2\"><span class=\"bumpedFont17\">termo <\/span><\/span><span class=\"s2\"><span class=\"bumpedFont17\">aditivo a modifica\u00e7\u00e3o <\/span><\/span><span class=\"s2\"><span class=\"bumpedFont17\">do prazo de vig\u00eancia do contrato, que passar\u00e1 a vigorar de <\/span><\/span><span class=\"s2\"><span class=\"bumpedFont17\">0<\/span><\/span><span class=\"s2\"><span class=\"bumpedFont17\">6<\/span><\/span><span class=\"s2\"><span class=\"bumpedFont17\">\/03\/2<\/span><\/span><span class=\"s2\"><span class=\"bumpedFont17\">6<\/span><\/span><span class=\"s2\"><span class=\"bumpedFont17\"> a <\/span><\/span><span class=\"s2\"><span class=\"bumpedFont17\">0<\/span><\/span><span class=\"s2\"><span class=\"bumpedFont17\">6<\/span><\/span><span class=\"s2\"><span class=\"bumpedFont17\">\/03\/2<\/span><\/span><span class=\"s2\"><span class=\"bumpedFont17\">7 <\/span><\/span><span class=\"s2\"><span class=\"bumpedFont17\">&#8211; Fundamento: <\/span><\/span><span class=\"s2\"><span class=\"bumpedFont17\">Preg\u00e3o <\/span><\/span><span class=\"s2\"><span class=\"bumpedFont17\">n\u00ba 0<\/span><\/span><span class=\"s2\"><span class=\"bumpedFont17\">31<\/span><\/span><span class=\"s2\"><span class=\"bumpedFont17\">\/202<\/span><\/span><span class=\"s2\"><span class=\"bumpedFont17\">3<\/span><\/span><span class=\"s2\"><span class=\"bumpedFont17\"> \u2013 Valor Global:<\/span><\/span> <span class=\"s2\"><span class=\"bumpedFont17\">R$ 96.000,00<\/span><\/span> <span class=\"s2\"><span class=\"bumpedFont17\">\u2013 <\/span><\/span><span class=\"s2\"><span class=\"bumpedFont17\">Dot<\/span><\/span> <span class=\"s2\"><span class=\"bumpedFont17\">or\u00e7<\/span><\/span><span class=\"s2\"><span class=\"bumpedFont17\">:<\/span><\/span><span class=\"s2\"><span class=\"bumpedFont17\">02.02005.10.301.0004.284.339039.00\/150 <\/span><\/span><span class=\"s2\"><span class=\"bumpedFont17\">&#8211;<\/span><\/span> <span class=\"s2\"><span class=\"bumpedFont17\">Ass<\/span><\/span><span class=\"s2\"><span class=\"bumpedFont17\">: <\/span><\/span><span class=\"s2\"><span class=\"bumpedFont17\">0<\/span><\/span><span class=\"s2\"><span class=\"bumpedFont17\">6<\/span><\/span><span class=\"s2\"><span class=\"bumpedFont17\">\/03\/202<\/span><\/span><span class=\"s2\"><span class=\"bumpedFont17\">6<\/span><\/span> <span class=\"s2\"><span class=\"bumpedFont17\">&#8211; Foro: S\u00e3o Jo\u00e3o Nepomuceno\/MG.<\/span><\/span><\/p>\n<p class=\"s3\"><span class=\"s2\"><span class=\"bumpedFont17\">Lu\u00eds Fernando de Oliveira<\/span><\/span><\/p>\n<p class=\"s3\"><span class=\"s2\"><span class=\"bumpedFont17\">Prefeito Municipal<\/span><\/span><\/p>\n","protected":false},"excerpt":{"rendered":"<p>EXTRATO DE SEGUNDO TERMO ADITIVO DE CONTRATO 2\u00ba Termo Aditivo. Pref. Municipal de Descoberto x CLINICA CCESAR SERVI\u00c7OS M\u00c9DICOS LTDA&#8211; Objeto: Constitui objeto do presente termo aditivo a modifica\u00e7\u00e3o do prazo de vig\u00eancia do contrato, que passar\u00e1 a vigorar de 06\/03\/26 a 06\/03\/27 &#8211; Fundamento: Preg\u00e3o n\u00ba 031\/2023 \u2013 Valor Global: R$ 96.000,00 \u2013 Dot [&hellip;]<\/p>\n","protected":false},"author":246,"featured_media":0,"comment_status":"closed","ping_status":"closed","sticky":false,"template":"","format":"standard","meta":{"footnotes":""},"categories":[307,1],"tags":[],"class_list":["post-232618","post","type-post","status-publish","format-standard","hentry","category-editais","category-sem-categoria"],"_links":{"self":[{"href":"https:\/\/diarioregionaldigital.com.br\/index.php?rest_route=\/wp\/v2\/posts\/232618","targetHints":{"allow":["GET"]}}],"collection":[{"href":"https:\/\/diarioregionaldigital.com.br\/index.php?rest_route=\/wp\/v2\/posts"}],"about":[{"href":"https:\/\/diarioregionaldigital.com.br\/index.php?rest_route=\/wp\/v2\/types\/post"}],"author":[{"embeddable":true,"href":"https:\/\/diarioregionaldigital.com.br\/index.php?rest_route=\/wp\/v2\/users\/246"}],"replies":[{"embeddable":true,"href":"https:\/\/diarioregionaldigital.com.br\/index.php?rest_route=%2Fwp%2Fv2%2Fcomments&post=232618"}],"version-history":[{"count":1,"href":"https:\/\/diarioregionaldigital.com.br\/index.php?rest_route=\/wp\/v2\/posts\/232618\/revisions"}],"predecessor-version":[{"id":232621,"href":"https:\/\/diarioregionaldigital.com.br\/index.php?rest_route=\/wp\/v2\/posts\/232618\/revisions\/232621"}],"wp:attachment":[{"href":"https:\/\/diarioregionaldigital.com.br\/index.php?rest_route=%2Fwp%2Fv2%2Fmedia&parent=232618"}],"wp:term":[{"taxonomy":"category","embeddable":true,"href":"https:\/\/diarioregionaldigital.com.br\/index.php?rest_route=%2Fwp%2Fv2%2Fcategories&post=232618"},{"taxonomy":"post_tag","embeddable":true,"href":"https:\/\/diarioregionaldigital.com.br\/index.php?rest_route=%2Fwp%2Fv2%2Ftags&post=232618"}],"curies":[{"name":"wp","href":"https:\/\/api.w.org\/{rel}","templated":true}]}}