{"id":232616,"date":"2026-03-12T14:00:06","date_gmt":"2026-03-12T17:00:06","guid":{"rendered":"https:\/\/diarioregionaldigital.com.br\/?p=232616"},"modified":"2026-03-12T14:00:06","modified_gmt":"2026-03-12T17:00:06","slug":"aviso-de-licitacao-n-024-2026-12-03-2026","status":"publish","type":"post","link":"https:\/\/diarioregionaldigital.com.br\/?p=232616","title":{"rendered":"AVISO DE LICITA\u00c7\u00c3O  N\u00b0 024\/2026 &#8211; 12\/03\/2026"},"content":{"rendered":"<p class=\"s6\"><span class=\"s5\"><span class=\"bumpedFont15\">PREFEITURA MUNICIPAL DE DESCOBERTO<\/span><\/span><\/p>\n<p class=\"s6\">\n<p class=\"s6\"><span class=\"s5\"><span class=\"bumpedFont15\">AVISO DE LICITA\u00c7\u00c3O<\/span><\/span><\/p>\n<p class=\"s6\">\n<p class=\"s6\"><span class=\"s5\"><span class=\"bumpedFont15\">Processo Licitat\u00f3rio<\/span><\/span><span class=\"s5\"><span class=\"bumpedFont15\"> n\u00b0 <\/span><\/span><span class=\"s5\"><span class=\"bumpedFont15\">0<\/span><\/span><span class=\"s5\"><span class=\"bumpedFont15\">2<\/span><\/span><span class=\"s5\"><span class=\"bumpedFont15\">4<\/span><\/span><span class=\"s5\"><span class=\"bumpedFont15\">\/202<\/span><\/span><span class=\"s5\"><span class=\"bumpedFont15\">6<\/span><\/span><\/p>\n<p class=\"s6\"><span class=\"s5\"><span class=\"bumpedFont15\">Moda<\/span><\/span><span class=\"s5\"><span class=\"bumpedFont15\">li<\/span><\/span><span class=\"s5\"><span class=\"bumpedFont15\">dade de <\/span><\/span><span class=\"s5\"><span class=\"bumpedFont15\">Dispensa Presencial<\/span><\/span><span class=\"s5\"><span class=\"bumpedFont15\"> n\u00b0 <\/span><\/span><span class=\"s5\"><span class=\"bumpedFont15\">0<\/span><\/span><span class=\"s5\"><span class=\"bumpedFont15\">0<\/span><\/span><span class=\"s5\"><span class=\"bumpedFont15\">7<\/span><\/span><span class=\"s5\"><span class=\"bumpedFont15\">\/202<\/span><\/span><span class=\"s5\"><span class=\"bumpedFont15\">6<\/span><\/span><\/p>\n<p class=\"s6\">\n<p class=\"s9\"><span class=\"s7\"><span class=\"bumpedFont15\">O Munic\u00edpio de DESCOBERTO<\/span><\/span><span class=\"s7\"><span class=\"bumpedFont15\">-MG<\/span><\/span><span class=\"s7\"><span class=\"bumpedFont15\">, na forma da lei, faz saber a todos quantos o presente edital virem, ou dele conhecimento t<\/span><\/span><span class=\"s7\"><span class=\"bumpedFont15\">i<\/span><\/span><span class=\"s7\"><span class=\"bumpedFont15\">ve<\/span><\/span><span class=\"s7\"><span class=\"bumpedFont15\">rem, que <\/span><\/span><span class=\"s7\"><span class=\"bumpedFont15\">a p<\/span><\/span><span class=\"s7\"><span class=\"bumpedFont15\">ar<\/span><\/span><span class=\"s7\"><span class=\"bumpedFont15\">tir das <\/span><\/span><span class=\"s7\"><span class=\"bumpedFont15\">09:00<\/span><\/span><span class=\"s7\"><span class=\"bumpedFont15\">h<\/span><\/span><span class=\"s7\"><span class=\"bumpedFont15\">do dia <\/span><\/span><span class=\"s7\"><span class=\"bumpedFont15\">1<\/span><\/span><span class=\"s7\"><span class=\"bumpedFont15\">9<\/span><\/span><span class=\"s7\"><span class=\"bumpedFont15\"> de <\/span><\/span><span class=\"s7\"><span class=\"bumpedFont15\">mar\u00e7o<\/span><\/span> <span class=\"s7\"><span class=\"bumpedFont15\">de 202<\/span><\/span><span class=\"s7\"><span class=\"bumpedFont15\">6<\/span><\/span><span class=\"s7\"><span class=\"bumpedFont15\">,<\/span><\/span><span class=\"s7\"><span class=\"bumpedFont15\"> na Prefeitura Municipal na sala da comiss\u00e3o de licita\u00e7\u00e3o, localizada na <\/span><\/span><span class=\"s7\"><span class=\"bumpedFont15\">R<\/span><\/span><span class=\"s7\"><span class=\"bumpedFont15\">ua <\/span><\/span><span class=\"s7\"><span class=\"bumpedFont15\">Capit\u00e3o Bas\u00edlio<\/span><\/span><span class=\"s7\"><span class=\"bumpedFont15\">, n\u00b0 39, <\/span><\/span><span class=\"s7\"><span class=\"bumpedFont15\">B<\/span><\/span><span class=\"s7\"><span class=\"bumpedFont15\">airro C<\/span><\/span><span class=\"s7\"><span class=\"bumpedFont15\">entro<\/span><\/span><span class=\"s7\"><span class=\"bumpedFont15\">, munic\u00edpio de DESCOBERTO, ser\u00e1 realizada licita\u00e7\u00e3o <\/span><\/span><span class=\"s7\"><span class=\"bumpedFont15\">na modalidade DISPENSA<\/span><\/span><span class=\"s7\"><span class=\"bumpedFont15\"> PRES<\/span><\/span><span class=\"s7\"><span class=\"bumpedFont15\">EN<\/span><\/span><span class=\"s7\"><span class=\"bumpedFont15\">CI<\/span><\/span><span class=\"s7\"><span class=\"bumpedFont15\">AL, objeti<\/span><\/span><span class=\"s7\"><span class=\"bumpedFont15\">vando<\/span><\/span><span class=\"s7\"><span class=\"bumpedFont15\">a<\/span><\/span> <span class=\"s7\"><span class=\"bumpedFont15\">CONTRATA\u00c7\u00c3O DIRETA DE<\/span><\/span><a name=\"_Hlk192507559\"><\/a><span class=\"s7\"><span class=\"bumpedFont15\"> EMPRESA <\/span><\/span><span class=\"s7\"><span class=\"bumpedFont15\">PARA O FORNECIMENTO DE CHOCOLATES, PARA CONTEMPLAR OS ALUNOS DO MUNIC\u00cdPIO DE DESCOBERTO DE UMA MANEIRA SIMB\u00d3LICA DEVIDO AO PER\u00cdODO PASCAL, ATENDENDO A SECRETARIA MUNICIPAL DE <\/span><\/span><span class=\"s7\"><span class=\"bumpedFont15\">EDUCA\u00c7\u00c3O<\/span><\/span><span class=\"s7\"><span class=\"bumpedFont15\">, <\/span><\/span><span class=\"s7\"><span class=\"bumpedFont15\">tipo Menor Pre\u00e7o por<\/span><\/span><span class=\"s7\"><span class=\"bumpedFont15\"> I<\/span><\/span><span class=\"s7\"><span class=\"bumpedFont15\">T<\/span><\/span><span class=\"s7\"><span class=\"bumpedFont15\">EM<\/span><\/span><span class=\"s7\"><span class=\"bumpedFont15\">, <\/span><\/span><span class=\"s7\"><span class=\"bumpedFont15\">conforme consta<\/span><\/span><span class=\"s7\"><span class=\"bumpedFont15\"> no edital qu<\/span><\/span><span class=\"s7\"><span class=\"bumpedFont15\">e<\/span><\/span><span class=\"s7\"><span class=\"bumpedFont15\"> se <\/span><\/span><span class=\"s7\"><span class=\"bumpedFont15\">e<\/span><\/span><span class=\"s7\"><span class=\"bumpedFont15\">ncontra <\/span><\/span><span class=\"s7\"><span class=\"bumpedFont15\">a disposi\u00e7\u00e3o de t<\/span><\/span><span class=\"s7\"><span class=\"bumpedFont15\">od<\/span><\/span><span class=\"s7\"><span class=\"bumpedFont15\">os <\/span><\/span><span class=\"s7\"><span class=\"bumpedFont15\">os int<\/span><\/span><span class=\"s7\"><span class=\"bumpedFont15\">eressados na Prefeitura Municipal, onde poder\u00e3o obt\u00ea-lo<\/span><\/span><span class=\"s7\"><span class=\"bumpedFont15\"> ou atrav\u00e9s do site<\/span><\/span><a href=\"http:\/\/www.descoberto.mg.gov.br\/\"><span class=\"s8\"><span class=\"bumpedFont15\">http:\/\/www.descobert<\/span><\/span><span class=\"s8\"><span class=\"bumpedFont15\">o.mg.go<\/span><\/span><span class=\"s8\"><span class=\"bumpedFont15\">v<\/span><\/span><span class=\"s8\"><span class=\"bumpedFont15\">.br<\/span><\/span><\/a><span class=\"s7\"><span class=\"bumpedFont15\">. Para conhecimento de <\/span><\/span><span class=\"s7\"><span class=\"bumpedFont15\">todos<\/span><\/span><span class=\"s7\"><span class=\"bumpedFont15\"> os interessados, <\/span><\/span><span class=\"s7\"><span class=\"bumpedFont15\">expediu-se o<\/span><\/span><span class=\"s7\"><span class=\"bumpedFont15\"> p<\/span><\/span><span class=\"s7\"><span class=\"bumpedFont15\">res<\/span><\/span><span class=\"s7\"><span class=\"bumpedFont15\">e<\/span><\/span><span class=\"s7\"><span class=\"bumpedFont15\">nte que ser\u00e1 afixado no lug<\/span><\/span><span class=\"s7\"><span class=\"bumpedFont15\">ar<\/span><\/span><span class=\"s7\"><span class=\"bumpedFont15\"> de costu<\/span><\/span><span class=\"s7\"><span class=\"bumpedFont15\">me, publicando-se na forma da lei. DESCOBERTO<\/span><\/span><span class=\"s7\"><span class=\"bumpedFont15\">-MG<\/span><\/span><span class=\"s7\"><span class=\"bumpedFont15\">, <\/span><\/span><span class=\"s7\"><span class=\"bumpedFont15\">1<\/span><\/span><span class=\"s7\"><span class=\"bumpedFont15\">2<\/span><\/span><span class=\"s7\"><span class=\"bumpedFont15\"> de <\/span><\/span><span class=\"s7\"><span class=\"bumpedFont15\">mar\u00e7o <\/span><\/span><span class=\"s7\"><span class=\"bumpedFont15\">de 202<\/span><\/span><span class=\"s7\"><span class=\"bumpedFont15\">6<\/span><\/span><span class=\"s7\"><span class=\"bumpedFont15\">.<\/span><\/span><\/p>\n<p class=\"s9\">\n<p class=\"s9\">\n","protected":false},"excerpt":{"rendered":"<p>PREFEITURA MUNICIPAL DE DESCOBERTO AVISO DE LICITA\u00c7\u00c3O Processo Licitat\u00f3rio n\u00b0 024\/2026 Modalidade de Dispensa Presencial n\u00b0 007\/2026 O Munic\u00edpio de DESCOBERTO-MG, na forma da lei, faz saber a todos quantos o presente edital virem, ou dele conhecimento tiverem, que a partir das 09:00hdo dia 19 de mar\u00e7o de 2026, na Prefeitura Municipal na sala da [&hellip;]<\/p>\n","protected":false},"author":246,"featured_media":0,"comment_status":"closed","ping_status":"closed","sticky":false,"template":"","format":"standard","meta":{"footnotes":""},"categories":[307],"tags":[],"class_list":["post-232616","post","type-post","status-publish","format-standard","hentry","category-editais"],"_links":{"self":[{"href":"https:\/\/diarioregionaldigital.com.br\/index.php?rest_route=\/wp\/v2\/posts\/232616","targetHints":{"allow":["GET"]}}],"collection":[{"href":"https:\/\/diarioregionaldigital.com.br\/index.php?rest_route=\/wp\/v2\/posts"}],"about":[{"href":"https:\/\/diarioregionaldigital.com.br\/index.php?rest_route=\/wp\/v2\/types\/post"}],"author":[{"embeddable":true,"href":"https:\/\/diarioregionaldigital.com.br\/index.php?rest_route=\/wp\/v2\/users\/246"}],"replies":[{"embeddable":true,"href":"https:\/\/diarioregionaldigital.com.br\/index.php?rest_route=%2Fwp%2Fv2%2Fcomments&post=232616"}],"version-history":[{"count":1,"href":"https:\/\/diarioregionaldigital.com.br\/index.php?rest_route=\/wp\/v2\/posts\/232616\/revisions"}],"predecessor-version":[{"id":232617,"href":"https:\/\/diarioregionaldigital.com.br\/index.php?rest_route=\/wp\/v2\/posts\/232616\/revisions\/232617"}],"wp:attachment":[{"href":"https:\/\/diarioregionaldigital.com.br\/index.php?rest_route=%2Fwp%2Fv2%2Fmedia&parent=232616"}],"wp:term":[{"taxonomy":"category","embeddable":true,"href":"https:\/\/diarioregionaldigital.com.br\/index.php?rest_route=%2Fwp%2Fv2%2Fcategories&post=232616"},{"taxonomy":"post_tag","embeddable":true,"href":"https:\/\/diarioregionaldigital.com.br\/index.php?rest_route=%2Fwp%2Fv2%2Ftags&post=232616"}],"curies":[{"name":"wp","href":"https:\/\/api.w.org\/{rel}","templated":true}]}}