{"id":232614,"date":"2026-03-12T13:59:27","date_gmt":"2026-03-12T16:59:27","guid":{"rendered":"https:\/\/diarioregionaldigital.com.br\/?p=232614"},"modified":"2026-03-12T13:59:27","modified_gmt":"2026-03-12T16:59:27","slug":"extrato-de-primeiro-termo-aditivo-de-contrato-12-03-2026","status":"publish","type":"post","link":"https:\/\/diarioregionaldigital.com.br\/?p=232614","title":{"rendered":"EXTRATO DE PRIMEIRO TERMO ADITIVO DE CONTRATO &#8211; 12\/03\/2026"},"content":{"rendered":"<p class=\"s3\"><span class=\"s2\"><span class=\"bumpedFont17\">EXTRATO <\/span><\/span><span class=\"s2\"><span class=\"bumpedFont17\">DE <\/span><\/span><span class=\"s2\"><span class=\"bumpedFont17\">PRIMEIRO<\/span><\/span> <span class=\"s2\"><span class=\"bumpedFont17\">TERMO ADITIVO <\/span><\/span><span class=\"s2\"><span class=\"bumpedFont17\">DE CONTRATO<\/span><\/span><\/p>\n<p class=\"s4\"><span class=\"s2\"><span class=\"bumpedFont17\">1<\/span><\/span><span class=\"s2\"><span class=\"bumpedFont17\">\u00ba Termo Aditivo. <\/span><\/span><span class=\"s2\"><span class=\"bumpedFont17\">Pre<\/span><\/span><span class=\"s2\"><span class=\"bumpedFont17\">f<\/span><\/span><span class=\"s2\"><span class=\"bumpedFont17\">eitura<\/span><\/span><span class=\"s2\"><span class=\"bumpedFont17\"> Mu<\/span><\/span><span class=\"s2\"><span class=\"bumpedFont17\">nicip<\/span><\/span><span class=\"s2\"><span class=\"bumpedFont17\">al de Descoberto x <\/span><\/span><span class=\"s2\"><span class=\"bumpedFont17\">NAZ\u00c1RIO &amp; LIMA SOCIEDADE DE ADVOGADOS <\/span><\/span><span class=\"s2\"><span class=\"bumpedFont17\">&#8211; Objeto:<\/span><\/span><span class=\"s2\"><span class=\"bumpedFont17\"> A<\/span><\/span> <span class=\"s2\"><span class=\"bumpedFont17\">m<\/span><\/span><span class=\"s2\"><span class=\"bumpedFont17\">odifica\u00e7\u00e3o do <\/span><\/span><span class=\"s2\"><span class=\"bumpedFont17\">prazo de vig\u00eancia do contrato, que passar\u00e1 a vigorar de <\/span><\/span><span class=\"s2\"><span class=\"bumpedFont17\">13\/03\/2026 a 13\/03\/2027<\/span><\/span> <span class=\"s2\"><span class=\"bumpedFont17\">&#8211; <\/span><\/span><span class=\"s2\"><span class=\"bumpedFont17\">Fundamento:<\/span><\/span> <span class=\"s2\"><span class=\"bumpedFont17\">Inexigibilidade<\/span><\/span> <span class=\"s2\"><span class=\"bumpedFont17\">n\u00ba <\/span><\/span><span class=\"s2\"><span class=\"bumpedFont17\">011\/2025 &#8211; <\/span><\/span><span class=\"s2\"><span class=\"bumpedFont17\">Valor<\/span><\/span><span class=\"s2\"><span class=\"bumpedFont17\">:<\/span><\/span><span class=\"s2\"><span class=\"bumpedFont17\">74.225,40<\/span><\/span> <span class=\"s2\"><span class=\"bumpedFont17\">&#8211; <\/span><\/span><span class=\"s2\"><span class=\"bumpedFont17\">Vig\u00eancia:<\/span><\/span> <span class=\"s2\"><span class=\"bumpedFont17\">12 meses<\/span><\/span> <span class=\"s2\"><span class=\"bumpedFont17\">&#8211;<\/span><\/span> <span class=\"s2\"><span class=\"bumpedFont17\">Dot<\/span><\/span> <span class=\"s2\"><span class=\"bumpedFont17\">or\u00e7<\/span><\/span><span class=\"s2\"><span class=\"bumpedFont17\">:<\/span><\/span><span class=\"s2\"><span class=\"bumpedFont17\">02.002.000.04.122.0002.2017.000111.339035.00\/1500<\/span><\/span><span class=\"s2\"><span class=\"bumpedFont17\">&#8211; <\/span><\/span><span class=\"s2\"><span class=\"bumpedFont17\">Ass<\/span><\/span><span class=\"s2\"><span class=\"bumpedFont17\">: <\/span><\/span><span class=\"s2\"><span class=\"bumpedFont17\">11\/03\/2026<\/span><\/span> <span class=\"s2\"><span class=\"bumpedFont17\">&#8211; Foro: S\u00e3o Jo\u00e3o Nepomuceno\/MG<\/span><\/span><span class=\"s2\"><span class=\"bumpedFont17\">.<\/span><\/span><\/p>\n<p class=\"s5\">\n<p class=\"s6\">\n<p class=\"s6\">\n<p class=\"s6\">\n<p class=\"s7\"><span class=\"s2\"><span class=\"bumpedFont17\">Lu\u00eds Fernando de Oliveira<\/span><\/span><\/p>\n<p class=\"s8\"><span class=\"s2\"><span class=\"bumpedFont17\">Prefeito <\/span><\/span><span class=\"s2\"><span class=\"bumpedFont17\">Municipal <\/span><\/span><\/p>\n<p class=\"s9\">\n<p class=\"s9\">\u200b<\/p>\n","protected":false},"excerpt":{"rendered":"<p>EXTRATO DE PRIMEIRO TERMO ADITIVO DE CONTRATO 1\u00ba Termo Aditivo. Prefeitura Municipal de Descoberto x NAZ\u00c1RIO &amp; LIMA SOCIEDADE DE ADVOGADOS &#8211; Objeto: A modifica\u00e7\u00e3o do prazo de vig\u00eancia do contrato, que passar\u00e1 a vigorar de 13\/03\/2026 a 13\/03\/2027 &#8211; Fundamento: Inexigibilidade n\u00ba 011\/2025 &#8211; Valor:74.225,40 &#8211; Vig\u00eancia: 12 meses &#8211; Dot or\u00e7:02.002.000.04.122.0002.2017.000111.339035.00\/1500&#8211; Ass: 11\/03\/2026 [&hellip;]<\/p>\n","protected":false},"author":246,"featured_media":0,"comment_status":"closed","ping_status":"closed","sticky":false,"template":"","format":"standard","meta":{"footnotes":""},"categories":[307],"tags":[],"class_list":["post-232614","post","type-post","status-publish","format-standard","hentry","category-editais"],"_links":{"self":[{"href":"https:\/\/diarioregionaldigital.com.br\/index.php?rest_route=\/wp\/v2\/posts\/232614","targetHints":{"allow":["GET"]}}],"collection":[{"href":"https:\/\/diarioregionaldigital.com.br\/index.php?rest_route=\/wp\/v2\/posts"}],"about":[{"href":"https:\/\/diarioregionaldigital.com.br\/index.php?rest_route=\/wp\/v2\/types\/post"}],"author":[{"embeddable":true,"href":"https:\/\/diarioregionaldigital.com.br\/index.php?rest_route=\/wp\/v2\/users\/246"}],"replies":[{"embeddable":true,"href":"https:\/\/diarioregionaldigital.com.br\/index.php?rest_route=%2Fwp%2Fv2%2Fcomments&post=232614"}],"version-history":[{"count":1,"href":"https:\/\/diarioregionaldigital.com.br\/index.php?rest_route=\/wp\/v2\/posts\/232614\/revisions"}],"predecessor-version":[{"id":232615,"href":"https:\/\/diarioregionaldigital.com.br\/index.php?rest_route=\/wp\/v2\/posts\/232614\/revisions\/232615"}],"wp:attachment":[{"href":"https:\/\/diarioregionaldigital.com.br\/index.php?rest_route=%2Fwp%2Fv2%2Fmedia&parent=232614"}],"wp:term":[{"taxonomy":"category","embeddable":true,"href":"https:\/\/diarioregionaldigital.com.br\/index.php?rest_route=%2Fwp%2Fv2%2Fcategories&post=232614"},{"taxonomy":"post_tag","embeddable":true,"href":"https:\/\/diarioregionaldigital.com.br\/index.php?rest_route=%2Fwp%2Fv2%2Ftags&post=232614"}],"curies":[{"name":"wp","href":"https:\/\/api.w.org\/{rel}","templated":true}]}}