{"id":232611,"date":"2026-03-11T21:03:53","date_gmt":"2026-03-12T00:03:53","guid":{"rendered":"https:\/\/diarioregionaldigital.com.br\/?p=232611"},"modified":"2026-03-11T21:03:53","modified_gmt":"2026-03-12T00:03:53","slug":"cesama-avanca-na-melhoria-do-abastecimento-a-mais-de-20-mil-pessoas-com-obras-da-rede-tronco-pedra-bonita","status":"publish","type":"post","link":"https:\/\/diarioregionaldigital.com.br\/?p=232611","title":{"rendered":"Cesama avan\u00e7a na melhoria do abastecimento a mais de 20 mil pessoas com obras da rede tronco Pedra Bonita"},"content":{"rendered":"<p>Segundo informa\u00e7\u00f5es do site da Prefeitura de Juiz de Fora (PJF), a Companhia de Saneamento Municipal (Cesama) avan\u00e7a na implanta\u00e7\u00e3o da Rede Tronco Pedra Bonita, obra estrat\u00e9gica para ampliar a capacidade do sistema de abastecimento de \u00e1gua na Regi\u00e3o Centro-Oeste de Juiz de Fora. Quando conclu\u00edda, a nova estrutura ter\u00e1 vaz\u00e3o estimada de 84 litros por segundo, beneficiando diretamente mais de 20 mil moradores dos bairros Francisco Bernardino, Milho Branco, Encosta do Sol e Pedra Bonita.<\/p>\n<p>Devido \u00e0 extens\u00e3o e \u00e0 localiza\u00e7\u00e3o em vias com fluxo intenso de ve\u00edculos, a obra foi dividida em quatro etapas, denominadas pela Cesama de pacotes A, B, C e D. A primeira etapa, o Pacote D, teve in\u00edcio em maio de 2025, no trecho entre o Morro do Sab\u00e3o e a entrada do loteamento Pedra Bonita. Nessa fase foram implantados 870 metros de rede em PVC com di\u00e2metro de 300 mil\u00edmetros.<\/p>\n<p>Segundo o chefe do Departamento de Projetos da Cesama, Ricardo Stahlschmidt, a execu\u00e7\u00e3o desse trecho seguiu o cronograma de asfaltamento realizado posteriormente pela Secretaria de Obras. \u201cFoi a primeira etapa de um amplo projeto que tem como objetivo melhorar o abastecimento de quem j\u00e1 possui rede de \u00e1gua e tamb\u00e9m contemplar a popula\u00e7\u00e3o que ainda n\u00e3o \u00e9 atendida\u201d, explica.<\/p>\n<p>Atualmente, a companhia executa o Pacote B, que compreende o trecho entre as ruas Doutor Augusto Eckman e Ab\u00edlio Gomes, passando pela Rua Stela Paleta de Alencar. Iniciada em novembro de 2025, essa etapa tem previs\u00e3o de conclus\u00e3o em junho de 2026 e prev\u00ea a instala\u00e7\u00e3o de aproximadamente 1.900 metros de rede com di\u00e2metro de 300 mil\u00edmetros e outros 400 metros com di\u00e2metro de 200 mil\u00edmetros.<\/p>\n<p>Na sequ\u00eancia, as obras seguir\u00e3o pela Rua Ab\u00edlio Gomes, no trecho entre as ruas Geraldo Scaldini e a rotat\u00f3ria de acesso ao bairro Milho Branco. Por se tratar de uma \u00e1rea com grande circula\u00e7\u00e3o de ve\u00edculos, a Cesama realiza monitoramento constante do local, com sinaliza\u00e7\u00e3o adequada e apoio da Secretaria de Mobilidade Urbana (SMU), que auxilia na opera\u00e7\u00e3o do tr\u00e2nsito no sistema pare e siga. A recomposi\u00e7\u00e3o di\u00e1ria do asfalto tamb\u00e9m \u00e9 realizada ap\u00f3s a abertura das valas para execu\u00e7\u00e3o dos servi\u00e7os.<\/p>\n<p>De acordo com o chefe do Departamento de Controle de Obras da Cesama, Paulo Saldanha, o projeto ainda contempla outras duas etapas. O Pacote C far\u00e1 a liga\u00e7\u00e3o do loteamento Pedra Bonita \u00e0 Rua Ab\u00edlio Gomes, passando pela Rua Raymundo Hargreaves. J\u00e1 o Pacote A ser\u00e1 respons\u00e1vel por interligar todo o sistema entre as avenidas Juscelino Kubitschek e Brasil, conectando a nova rede \u00e0 Quarta Adutora.<\/p>\n<p>O chefe do Departamento de Projetos da Cesama, Ricardo Stahlschmidt, destaca que a obra responde ao crescimento urbano da regi\u00e3o. Atualmente, o abastecimento \u00e9 realizado de forma limitada, por meio de pequenas elevat\u00f3rias e redes com di\u00e2metros reduzidos. \u201cCom a implanta\u00e7\u00e3o da Rede Tronco Pedra Bonita, ser\u00e1 poss\u00edvel ampliar significativamente a efici\u00eancia do sistema, proporcionando mais seguran\u00e7a h\u00eddrica, maior regularidade no fornecimento e capacidade de atendimento compat\u00edvel com o crescimento da regi\u00e3o\u201d, afirma.<\/p>\n","protected":false},"excerpt":{"rendered":"<p>Segundo informa\u00e7\u00f5es do site da Prefeitura de Juiz de Fora (PJF), a Companhia de Saneamento Municipal (Cesama) avan\u00e7a na implanta\u00e7\u00e3o da Rede Tronco Pedra Bonita, obra estrat\u00e9gica para ampliar a capacidade do sistema de abastecimento de \u00e1gua na Regi\u00e3o Centro-Oeste de Juiz de Fora. Quando conclu\u00edda, a nova estrutura ter\u00e1 vaz\u00e3o estimada de 84 litros [&hellip;]<\/p>\n","protected":false},"author":246,"featured_media":232612,"comment_status":"closed","ping_status":"closed","sticky":false,"template":"","format":"standard","meta":{"footnotes":""},"categories":[253,436,440,439],"tags":[],"class_list":["post-232611","post","type-post","status-publish","format-standard","has-post-thumbnail","hentry","category-cidade","category-destaque-da-semana","category-destaques-do-dia","category-ultima-hora"],"_links":{"self":[{"href":"https:\/\/diarioregionaldigital.com.br\/index.php?rest_route=\/wp\/v2\/posts\/232611","targetHints":{"allow":["GET"]}}],"collection":[{"href":"https:\/\/diarioregionaldigital.com.br\/index.php?rest_route=\/wp\/v2\/posts"}],"about":[{"href":"https:\/\/diarioregionaldigital.com.br\/index.php?rest_route=\/wp\/v2\/types\/post"}],"author":[{"embeddable":true,"href":"https:\/\/diarioregionaldigital.com.br\/index.php?rest_route=\/wp\/v2\/users\/246"}],"replies":[{"embeddable":true,"href":"https:\/\/diarioregionaldigital.com.br\/index.php?rest_route=%2Fwp%2Fv2%2Fcomments&post=232611"}],"version-history":[{"count":1,"href":"https:\/\/diarioregionaldigital.com.br\/index.php?rest_route=\/wp\/v2\/posts\/232611\/revisions"}],"predecessor-version":[{"id":232613,"href":"https:\/\/diarioregionaldigital.com.br\/index.php?rest_route=\/wp\/v2\/posts\/232611\/revisions\/232613"}],"wp:featuredmedia":[{"embeddable":true,"href":"https:\/\/diarioregionaldigital.com.br\/index.php?rest_route=\/wp\/v2\/media\/232612"}],"wp:attachment":[{"href":"https:\/\/diarioregionaldigital.com.br\/index.php?rest_route=%2Fwp%2Fv2%2Fmedia&parent=232611"}],"wp:term":[{"taxonomy":"category","embeddable":true,"href":"https:\/\/diarioregionaldigital.com.br\/index.php?rest_route=%2Fwp%2Fv2%2Fcategories&post=232611"},{"taxonomy":"post_tag","embeddable":true,"href":"https:\/\/diarioregionaldigital.com.br\/index.php?rest_route=%2Fwp%2Fv2%2Ftags&post=232611"}],"curies":[{"name":"wp","href":"https:\/\/api.w.org\/{rel}","templated":true}]}}