{"id":232609,"date":"2026-03-11T21:02:52","date_gmt":"2026-03-12T00:02:52","guid":{"rendered":"https:\/\/diarioregionaldigital.com.br\/?p=232609"},"modified":"2026-03-11T21:02:52","modified_gmt":"2026-03-12T00:02:52","slug":"so-em-fevereiro-prefeitura-retira-mais-de-28-toneladas-de-lixo-das-bocas-de-lobo-sao-672-toneladas-no-ano","status":"publish","type":"post","link":"https:\/\/diarioregionaldigital.com.br\/?p=232609","title":{"rendered":"S\u00f3 em fevereiro, Prefeitura retira mais de 28 toneladas de lixo das bocas de lobo; s\u00e3o 67,2 toneladas no ano"},"content":{"rendered":"<p>Segundo informa\u00e7\u00f5es do site da Prefeitura de Juiz de Fora (PJF), a PJF, por meio do Programa Boniteza, recolheu 28,8 toneladas de lixo das bocas de lobo somente no m\u00eas de fevereiro. Os trabalhos foram realizados em todas as regi\u00f5es da cidade, com servi\u00e7os de limpeza, desobstru\u00e7\u00e3o e manuten\u00e7\u00e3o de bocas de lobo, bueiros, po\u00e7os de visita e galerias de \u00e1guas pluviais.<\/p>\n<p>No acumulado de 2026, j\u00e1 foram retiradas 67,2 toneladas de res\u00edduos desses pontos, material que foi encaminhado ao aterro sanit\u00e1rio do munic\u00edpio. Entre os itens encontrados, predominam res\u00edduos pl\u00e1sticos, como sacolas e garrafas PET, provenientes principalmente do descarte inadequado de lixo dom\u00e9stico.<\/p>\n<p>A Prefeitura refor\u00e7a que, para que os resultados das interven\u00e7\u00f5es sejam duradouros, \u00e9 fundamental a colabora\u00e7\u00e3o da popula\u00e7\u00e3o, evitando o descarte de lixo e entulho em vias p\u00fablicas, c\u00f3rregos e bocas de lobo.<\/p>\n<p>O descarte irregular de res\u00edduos \u00e9 considerado crime. Casos podem ser denunciados pelo telefone <a href=\"tel:(32) 3690-7984\">(32) 3690-7984<\/a>.<\/p>\n<p>A popula\u00e7\u00e3o tamb\u00e9m pode consultar a rota da coleta seletiva realizada pelo Departamento Municipal de Limpeza Urbana (Demlurb) no site oficial da Prefeitura<\/p>\n","protected":false},"excerpt":{"rendered":"<p>Segundo informa\u00e7\u00f5es do site da Prefeitura de Juiz de Fora (PJF), a PJF, por meio do Programa Boniteza, recolheu 28,8 toneladas de lixo das bocas de lobo somente no m\u00eas de fevereiro. Os trabalhos foram realizados em todas as regi\u00f5es da cidade, com servi\u00e7os de limpeza, desobstru\u00e7\u00e3o e manuten\u00e7\u00e3o de bocas de lobo, bueiros, po\u00e7os [&hellip;]<\/p>\n","protected":false},"author":246,"featured_media":232571,"comment_status":"closed","ping_status":"closed","sticky":false,"template":"","format":"standard","meta":{"footnotes":""},"categories":[253,436,440,439],"tags":[],"class_list":["post-232609","post","type-post","status-publish","format-standard","has-post-thumbnail","hentry","category-cidade","category-destaque-da-semana","category-destaques-do-dia","category-ultima-hora"],"_links":{"self":[{"href":"https:\/\/diarioregionaldigital.com.br\/index.php?rest_route=\/wp\/v2\/posts\/232609","targetHints":{"allow":["GET"]}}],"collection":[{"href":"https:\/\/diarioregionaldigital.com.br\/index.php?rest_route=\/wp\/v2\/posts"}],"about":[{"href":"https:\/\/diarioregionaldigital.com.br\/index.php?rest_route=\/wp\/v2\/types\/post"}],"author":[{"embeddable":true,"href":"https:\/\/diarioregionaldigital.com.br\/index.php?rest_route=\/wp\/v2\/users\/246"}],"replies":[{"embeddable":true,"href":"https:\/\/diarioregionaldigital.com.br\/index.php?rest_route=%2Fwp%2Fv2%2Fcomments&post=232609"}],"version-history":[{"count":1,"href":"https:\/\/diarioregionaldigital.com.br\/index.php?rest_route=\/wp\/v2\/posts\/232609\/revisions"}],"predecessor-version":[{"id":232610,"href":"https:\/\/diarioregionaldigital.com.br\/index.php?rest_route=\/wp\/v2\/posts\/232609\/revisions\/232610"}],"wp:featuredmedia":[{"embeddable":true,"href":"https:\/\/diarioregionaldigital.com.br\/index.php?rest_route=\/wp\/v2\/media\/232571"}],"wp:attachment":[{"href":"https:\/\/diarioregionaldigital.com.br\/index.php?rest_route=%2Fwp%2Fv2%2Fmedia&parent=232609"}],"wp:term":[{"taxonomy":"category","embeddable":true,"href":"https:\/\/diarioregionaldigital.com.br\/index.php?rest_route=%2Fwp%2Fv2%2Fcategories&post=232609"},{"taxonomy":"post_tag","embeddable":true,"href":"https:\/\/diarioregionaldigital.com.br\/index.php?rest_route=%2Fwp%2Fv2%2Ftags&post=232609"}],"curies":[{"name":"wp","href":"https:\/\/api.w.org\/{rel}","templated":true}]}}