{"id":232603,"date":"2026-03-11T20:44:46","date_gmt":"2026-03-11T23:44:46","guid":{"rendered":"https:\/\/diarioregionaldigital.com.br\/?p=232603"},"modified":"2026-03-11T20:44:46","modified_gmt":"2026-03-11T23:44:46","slug":"governo-de-minas-anuncia-investimento-de-r-765-milhoes-da-farmaceutica-hypofarma-no-norte-do-estado","status":"publish","type":"post","link":"https:\/\/diarioregionaldigital.com.br\/?p=232603","title":{"rendered":"Governo de Minas anuncia investimento de R$ 765 milh\u00f5es da farmac\u00eautica Hypofarma no Norte do estado"},"content":{"rendered":"<p>O governador de Minas Gerais, Romeu Zema, participou, nesta quarta-feira (11\/3), de uma reuni\u00e3o com os s\u00f3cios da farmac\u00eautica Hypofarma para o an\u00fancio de um novo investimento da empresa no estado.<\/p>\n<p>Apoiado pelo <a href=\"https:\/\/www.mg.gov.br\/\" target=\"_blank\" rel=\"noopener\">Governo de Minas<\/a>, por meio da <a href=\"https:\/\/desenvolvimento.mg.gov.br\/\" target=\"_blank\" rel=\"noopener\">Secretaria de Estado de Desenvolvimento Econ\u00f4mico (Sede-MG)<\/a> e de sua ag\u00eancia vinculada\u00a0<a href=\"https:\/\/investminas.mg.gov.br\/\" target=\"_blank\" rel=\"noopener\">Invest Minas<\/a>, o projeto prev\u00ea a constru\u00e7\u00e3o de uma nova unidade industrial em Montes Claros, no Norte de Minas, com investimento estimado em R$ 765 milh\u00f5es.<\/p>\n<table border=\"0\" cellspacing=\"1\" cellpadding=\"1\" align=\"center\">\n<tbody>\n<tr>\n<td colspan=\"5\"><img decoding=\"async\" src=\"https:\/\/www.agenciaminas.mg.gov.br\/ckeditor_assets\/pictures\/20949\/content_2_olho_topo.jpg\" alt=\"\" \/><\/td>\n<\/tr>\n<tr>\n<td><\/td>\n<td colspan=\"3\" rowspan=\"3\">\n<h1><strong>&#8220;Estamos confirmando aqui, com acionistas e com o presidente da Hypofarma, um investimento que ser\u00e1 aplicado na constru\u00e7\u00e3o de uma f\u00e1brica de medicamentos em Montes Claros. Isso vai gerar, nessa primeira etapa, cerca de 250 empregos diretos, e a previs\u00e3o, por parte da empresa, \u00e9 de que este n\u00famero dobre em um horizonte de cinco anos&#8221;, anunciou Romeu Zema.<\/strong><\/h1>\n<\/td>\n<td><\/td>\n<\/tr>\n<tr>\n<td><\/td>\n<td><\/td>\n<\/tr>\n<tr>\n<td><\/td>\n<td><\/td>\n<\/tr>\n<tr>\n<td colspan=\"5\"><img decoding=\"async\" src=\"https:\/\/www.agenciaminas.mg.gov.br\/ckeditor_assets\/pictures\/20950\/content_2_olho_inferior.jpg\" alt=\"\" \/><\/td>\n<\/tr>\n<\/tbody>\n<\/table>\n<p>\u201cMinas passa a participar cada vez mais do mercado brasileiro de medicamentos, tornando Montes Claros, que j\u00e1 \u00e9 conhecida, como um polo cada vez mais forte nessa \u00e1rea\u201d, completou o governador.<\/p>\n<p>A iniciativa marca uma nova etapa da expans\u00e3o da companhia mineira no setor farmac\u00eautico. Ap\u00f3s come\u00e7ar a opera\u00e7\u00e3o da primeira fase da unidade de Governador Valadares, no Vale do Rio Doce, a empresa iniciou estudos de viabilidade para ampliar sua capacidade produtiva e adquiriu, em 2025, um terreno em Montes Claros para implanta\u00e7\u00e3o da nova f\u00e1brica.<\/p>\n<p>Na futura planta industrial, ser\u00e3o realizadas atividades de recebimento de insumos farmac\u00eauticos, materiais de embalagem e produtos semiacabados, al\u00e9m de processos de fabrica\u00e7\u00e3o, industrializa\u00e7\u00e3o, armazenagem e distribui\u00e7\u00e3o de medicamentos acabados.<\/p>\n<p><strong>Expans\u00e3o da ind\u00fastria farmac\u00eautica em Minas<\/strong><\/p>\n<p>O investimento refor\u00e7a a presen\u00e7a da ind\u00fastria farmac\u00eautica em Minas Gerais e amplia a capacidade produtiva da empresa no segmento hospitalar. A nova unidade dever\u00e1 fortalecer a cadeia produtiva do setor, contribuindo para o desenvolvimento econ\u00f4mico regional e para a gera\u00e7\u00e3o de empregos qualificados.<\/p>\n<p>O cronograma prev\u00ea a implanta\u00e7\u00e3o da nova f\u00e1brica em 2026, com in\u00edcio gradual das opera\u00e7\u00f5es a partir do segundo semestre de 2027.<\/p>\n<p><strong>Hist\u00f3rico de investimentos no estado<\/strong><\/p>\n<p>Com 74 anos de atua\u00e7\u00e3o, a Hypofarma \u00e9 uma empresa mineira especializada na produ\u00e7\u00e3o e distribui\u00e7\u00e3o de medicamentos injet\u00e1veis voltados ao segmento hospitalar, atendendo institui\u00e7\u00f5es de sa\u00fade em todo o pa\u00eds.<\/p>\n<p>A companhia mant\u00e9m atualmente duas unidades produtivas em opera\u00e7\u00e3o no estado. Uma delas est\u00e1 localizada em Ribeir\u00e3o das Neves, na Regi\u00e3o Metropolitana de Belo Horizonte (RMBH), onde foi realizada, em 2015, uma expans\u00e3o industrial voltada \u00e0 produ\u00e7\u00e3o de medicamentos injet\u00e1veis e solu\u00e7\u00f5es parenterais de grande volume. O investimento foi de aproximadamente R$ 3 milh\u00f5es, com gera\u00e7\u00e3o de 85 empregos diretos.<\/p>\n<p>Em 2022, a empresa iniciou tamb\u00e9m a implanta\u00e7\u00e3o de uma nova unidade em Governador Valadares. O projeto contou com investimento de cerca de R$ 5,9 milh\u00f5es, com previs\u00e3o de 54 empregos diretos, e teve a primeira etapa da opera\u00e7\u00e3o iniciada em outubro de 2023.<\/p>\n<p>&nbsp;<\/p>\n<p>Fonte: Ag\u00eancia Minas<\/p>\n","protected":false},"excerpt":{"rendered":"<p>O governador de Minas Gerais, Romeu Zema, participou, nesta quarta-feira (11\/3), de uma reuni\u00e3o com os s\u00f3cios da farmac\u00eautica Hypofarma para o an\u00fancio de um novo investimento da empresa no estado. Apoiado pelo Governo de Minas, por meio da Secretaria de Estado de Desenvolvimento Econ\u00f4mico (Sede-MG) e de sua ag\u00eancia vinculada\u00a0Invest Minas, o projeto prev\u00ea [&hellip;]<\/p>\n","protected":false},"author":246,"featured_media":232604,"comment_status":"closed","ping_status":"closed","sticky":false,"template":"","format":"standard","meta":{"footnotes":""},"categories":[436,440,261,254,439],"tags":[],"class_list":["post-232603","post","type-post","status-publish","format-standard","has-post-thumbnail","hentry","category-destaque-da-semana","category-destaques-do-dia","category-economia","category-politica","category-ultima-hora"],"_links":{"self":[{"href":"https:\/\/diarioregionaldigital.com.br\/index.php?rest_route=\/wp\/v2\/posts\/232603","targetHints":{"allow":["GET"]}}],"collection":[{"href":"https:\/\/diarioregionaldigital.com.br\/index.php?rest_route=\/wp\/v2\/posts"}],"about":[{"href":"https:\/\/diarioregionaldigital.com.br\/index.php?rest_route=\/wp\/v2\/types\/post"}],"author":[{"embeddable":true,"href":"https:\/\/diarioregionaldigital.com.br\/index.php?rest_route=\/wp\/v2\/users\/246"}],"replies":[{"embeddable":true,"href":"https:\/\/diarioregionaldigital.com.br\/index.php?rest_route=%2Fwp%2Fv2%2Fcomments&post=232603"}],"version-history":[{"count":1,"href":"https:\/\/diarioregionaldigital.com.br\/index.php?rest_route=\/wp\/v2\/posts\/232603\/revisions"}],"predecessor-version":[{"id":232605,"href":"https:\/\/diarioregionaldigital.com.br\/index.php?rest_route=\/wp\/v2\/posts\/232603\/revisions\/232605"}],"wp:featuredmedia":[{"embeddable":true,"href":"https:\/\/diarioregionaldigital.com.br\/index.php?rest_route=\/wp\/v2\/media\/232604"}],"wp:attachment":[{"href":"https:\/\/diarioregionaldigital.com.br\/index.php?rest_route=%2Fwp%2Fv2%2Fmedia&parent=232603"}],"wp:term":[{"taxonomy":"category","embeddable":true,"href":"https:\/\/diarioregionaldigital.com.br\/index.php?rest_route=%2Fwp%2Fv2%2Fcategories&post=232603"},{"taxonomy":"post_tag","embeddable":true,"href":"https:\/\/diarioregionaldigital.com.br\/index.php?rest_route=%2Fwp%2Fv2%2Ftags&post=232603"}],"curies":[{"name":"wp","href":"https:\/\/api.w.org\/{rel}","templated":true}]}}